{"id":32015,"date":"2023-11-28T10:00:54","date_gmt":"2023-11-28T09:00:54","guid":{"rendered":"https:\/\/alteriade-clients.alwaysdata.net\/appel\/?p=32015"},"modified":"2025-09-22T15:17:07","modified_gmt":"2025-09-22T13:17:07","slug":"karma-histoire","status":"publish","type":"post","link":"https:\/\/alteriade-clients.alwaysdata.net\/appel\/karma-histoire\/","title":{"rendered":"Karma, 23 ans de d\u00e9veloppements vertueux"},"content":{"rendered":"\t\t<div data-elementor-type=\"wp-post\" data-elementor-id=\"32015\" class=\"elementor elementor-32015\" data-elementor-post-type=\"post\">\n\t\t\t\t<div class=\"has_eae_slider elementor-element elementor-element-6af77a6 e-flex e-con-boxed e-con e-parent\" data-eae-slider=\"4054\" data-id=\"6af77a6\" data-element_type=\"container\">\n\t\t\t\t\t<div class=\"e-con-inner\">\n\t\t\t\t<div class=\"elementor-element elementor-element-a7a445d elementor-widget elementor-widget-text-editor\" data-id=\"a7a445d\" data-element_type=\"widget\" data-widget_type=\"text-editor.default\">\n\t\t\t\t<div class=\"elementor-widget-container\">\n\t\t\t\t\t\t\t\t\t<p>Avant la terrible journ\u00e9e du 20 avril 2023, Karma, petit village de 2 000 \u00e2mes au c\u0153ur du Burkina Faso, a b\u00e9n\u00e9fici\u00e9 du soutien de L\u2019Appel.<\/p><p><span style=\"text-decoration: underline;\">Contexte<\/span> : Ce village de brousse, difficilement accessible donc tr\u00e8s isol\u00e9, \u00e9volue dans un climat semi-d\u00e9sertique, sans eau courante ni \u00e9lectricit\u00e9. Les habitants sont Mossis, ethnie majoritaire du Burkina Faso, et musulmans.<\/p><p>Avant le massacre qui a conduit la population \u00e0 fuir le village, Jean et Annie Loireau, responsables de projets de L&rsquo;Appel au Burkina Faso, avaient r\u00e9ussi \u00e0 co-construire une action globale et p\u00e9renne. <strong><em>Retour sur plus de 20 ans d&rsquo;histoire.\u00a0<\/em><\/strong><\/p>\t\t\t\t\t\t\t\t<\/div>\n\t\t\t\t<\/div>\n\t\t\t\t\t<\/div>\n\t\t\t\t<\/div>\n\t\t<div class=\"has_eae_slider elementor-element elementor-element-a75ad5a e-flex e-con-boxed e-con e-parent\" data-eae-slider=\"90873\" data-id=\"a75ad5a\" data-element_type=\"container\">\n\t\t\t\t\t<div class=\"e-con-inner\">\n\t\t\t\t<div class=\"elementor-element elementor-element-2b82cb9 elementor-widget elementor-widget-heading\" data-id=\"2b82cb9\" data-element_type=\"widget\" data-widget_type=\"heading.default\">\n\t\t\t\t<div class=\"elementor-widget-container\">\n\t\t\t\t\t<h2 class=\"elementor-heading-title elementor-size-default\">Des rencontres qui poussent \u00e0 agir<\/h2>\t\t\t\t<\/div>\n\t\t\t\t<\/div>\n\t\t\t\t<div class=\"elementor-element elementor-element-1a1bdab elementor-widget elementor-widget-text-editor\" data-id=\"1a1bdab\" data-element_type=\"widget\" data-widget_type=\"text-editor.default\">\n\t\t\t\t<div class=\"elementor-widget-container\">\n\t\t\t\t\t\t\t\t\t<p>Dans les ann\u00e9es 1980, Jean et Annie Loireau ont parcouru presque l\u2019int\u00e9gralit\u00e9 du Burkina Faso. Apr\u00e8s toutes ces ann\u00e9es de voyage, de rencontres ils avaient <strong>acquis une connaissance des probl\u00e9matiques et enjeux locaux<\/strong>, et souhaitaient s\u2019engager au service des populations.<\/p><p>Pendant plusieurs ann\u00e9es, avec les acteurs du village de Voaga, ils participent financi\u00e8rement \u00e0 l&rsquo;\u00e9quipement du dispensaire et de la maternit\u00e9, de fournitures scolaires, de formations agricoles etc. Cette premi\u00e8re exp\u00e9rience, non sans difficult\u00e9s, leur permet d\u2019acqu\u00e9rir une connaissance profonde du terrain et des enjeux du Burkina Faso. C\u2019est ainsi qu\u2019<strong>ils prennent notamment conscience du r\u00f4le du chef du village, de la r\u00e9partition des cit\u00e9s en divers quartiers qui ne sont pas tous trait\u00e9s \u00e0 \u00e9galit\u00e9, et de l\u2019exclusion des femmes des processus de d\u00e9cision<\/strong>.<\/p><p style=\"text-align: center;\"><em>Au d\u00e9but des ann\u00e9es 2000, avec L&rsquo;Appel, Jean et Annie poursuivent leur engagement.\u00a0 Fort de plus de 10 ans d&rsquo;actions, ils d\u00e9cident de soutenir le village de Karma, alors compl\u00e8tement isol\u00e9 et portant de nombreux besoins.\u00a0<\/em><\/p>\t\t\t\t\t\t\t\t<\/div>\n\t\t\t\t<\/div>\n\t\t\t\t<div class=\"elementor-element elementor-element-cabcf4f elementor-widget elementor-widget-heading\" data-id=\"cabcf4f\" data-element_type=\"widget\" data-widget_type=\"heading.default\">\n\t\t\t\t<div class=\"elementor-widget-container\">\n\t\t\t\t\t<h2 class=\"elementor-heading-title elementor-size-default\">Karma, l'initiatives de femmes engag\u00e9es<\/h2>\t\t\t\t<\/div>\n\t\t\t\t<\/div>\n\t\t\t\t<div class=\"elementor-element elementor-element-86eb510 elementor-widget elementor-widget-text-editor\" data-id=\"86eb510\" data-element_type=\"widget\" data-widget_type=\"text-editor.default\">\n\t\t\t\t<div class=\"elementor-widget-container\">\n\t\t\t\t\t\t\t\t\t<p>En 2000, lors d\u2019un d\u00e9placement \u00e0 Karma, Jean et Annie rencontrent un groupe de femmes extr\u00eamement d\u00e9munies mais tr\u00e8s dynamiques. Elles avaient contract\u00e9 un emprunt pour construire un moulin \u00e0 grains. <strong>Devant une initiative si rare, ils d\u00e9cident d\u2019aider ces femmes<\/strong> \u00e0 compl\u00e9ter leur emprunt.<\/p><p>Dans ce village isol\u00e9, o\u00f9 les besoins sont immenses, plusieurs acteurs locaux laissent entrevoir un v\u00e9ritable potentiel de <span style=\"text-decoration: underline;\">d\u00e9veloppement durable<\/span> :<\/p><ul><li>&#8211; Le chef du village, tr\u00e8s accueillant, est d\u2019une grande sagesse.<\/li><li>&#8211; Bien qu\u2019il y ait, comme partout au Burkina Faso, des diff\u00e9rences de traitement en fonction des quartiers du village, <strong>le chef et son comit\u00e9 de gestion sont ouverts \u00e0 une action donc tout le monde pourrait b\u00e9n\u00e9ficier.<\/strong><\/li><li>&#8211; De plus, ici <strong>les femmes ont une place dans la vie publique et dans les prises de d\u00e9cision<\/strong>.<\/li><li>&#8211; Enfin, la rencontre, en 2005, avec Adama, un instituteur originaire de Karma, marque un tournant dans les actions men\u00e9es. La communication est d\u00e9sormais tr\u00e8s bien \u00e9tablie, car il parle fran\u00e7ais et dispose d\u2019un acc\u00e8s hebdomadaire \u00e0 un cyber-centre.<\/li><li>Sans parler de Boureima, revenu dans son village natal anim\u00e9 de <strong>nombreuses id\u00e9es pour aider \u00e0 son d\u00e9veloppement<\/strong>.<\/li><\/ul><p style=\"text-align: center;\"><em>A Karma, la force de plus de 20 ans d&rsquo;actions est de coop\u00e9rer avec acteurs locaux fiables et une une population r\u00e9ceptive.<\/em><\/p>\t\t\t\t\t\t\t\t<\/div>\n\t\t\t\t<\/div>\n\t\t\t\t\t<\/div>\n\t\t\t\t<\/div>\n\t\t<div class=\"has_eae_slider elementor-element elementor-element-cfd051a e-flex e-con-boxed e-con e-parent\" data-eae-slider=\"40575\" data-id=\"cfd051a\" data-element_type=\"container\">\n\t\t\t\t\t<div class=\"e-con-inner\">\n\t\t\t\t<div class=\"elementor-element elementor-element-8b76007 elementor-widget elementor-widget-heading\" data-id=\"8b76007\" data-element_type=\"widget\" data-widget_type=\"heading.default\">\n\t\t\t\t<div class=\"elementor-widget-container\">\n\t\t\t\t\t<h2 class=\"elementor-heading-title elementor-size-default\">D'abord, lutter efficacement contre la famine<\/h2>\t\t\t\t<\/div>\n\t\t\t\t<\/div>\n\t\t\t\t<div class=\"elementor-element elementor-element-da6cdb4 elementor-widget elementor-widget-text-editor\" data-id=\"da6cdb4\" data-element_type=\"widget\" data-widget_type=\"text-editor.default\">\n\t\t\t\t<div class=\"elementor-widget-container\">\n\t\t\t\t\t\t\t\t\t<p>A Karma, pendant la saison s\u00e8che, les c\u00e9r\u00e9ales ne poussent pas. Pendant la saison des pluies, les cultures peuvent \u00eatre tr\u00e8s al\u00e9atoires. Plus d\u2019une ann\u00e9e sur deux, ils ne parviennent pas \u00e0 assurer la soudure. Cela signifie que les r\u00e9coltes produites pendant la saison humide ne parviennent pas \u00e0 nourrir toute la population pendant la saison s\u00e8che (d\u2019octobre \u00e0 juin).<\/p><p>Pour pallier \u00e0 cette probl\u00e9matique, en partenariat avec l\u2019Association des Femmes Burkinab\u00e9s de Ouahigouya (AFBO), des sessions de <strong>formation agricole<\/strong> ont \u00e9t\u00e9 organis\u00e9es. L\u2019objectif \u00e9tait d\u2019apprendre \u00e0 la population \u00e0 <strong>cultiver des l\u00e9gumes pour qu\u2019ils puissent assurer la soudure lorsque les c\u00e9r\u00e9ales viennent \u00e0 manquer<\/strong>.<\/p><p>Une fois lanc\u00e9, le jardin de Karma ne cessera pas de s\u2019agrandir, malgr\u00e9 les al\u00e9as des cultures (maladies, cl\u00f4tures arrach\u00e9es par les b\u00eates\u2026). Au d\u00e9but, les cultures \u00e9taient essentiellement des choux et des oignons, pour se diversifier peu \u00e0 peu : tomates, salades, papaye, poireau\u2026<\/p><p style=\"text-align: center;\"><em>Evidemment, ces l\u00e9gumes, bien que moins voraces que les cultures de c\u00e9r\u00e9ales, ont eux aussi besoin d\u2019eau. Le projet de jardin \u00e0 Karma n\u2019aurait donc pas pu \u00eatre r\u00e9alis\u00e9 sans les actions de L\u2019Appel pour faire venir l\u2019eau au village.<\/em><\/p>\t\t\t\t\t\t\t\t<\/div>\n\t\t\t\t<\/div>\n\t\t\t\t\t<\/div>\n\t\t\t\t<\/div>\n\t\t<div class=\"has_eae_slider elementor-element elementor-element-556105b e-flex e-con-boxed e-con e-parent\" data-eae-slider=\"22550\" data-id=\"556105b\" data-element_type=\"container\">\n\t\t\t\t\t<div class=\"e-con-inner\">\n\t\t\t\t<div class=\"elementor-element elementor-element-98527b3 elementor-widget elementor-widget-heading\" data-id=\"98527b3\" data-element_type=\"widget\" data-widget_type=\"heading.default\">\n\t\t\t\t<div class=\"elementor-widget-container\">\n\t\t\t\t\t<h2 class=\"elementor-heading-title elementor-size-default\">Puis, se mobiliser pour l'acc\u00e8s \u00e0 l'eau, indispensable<\/h2>\t\t\t\t<\/div>\n\t\t\t\t<\/div>\n\t\t\t\t<div class=\"elementor-element elementor-element-26f6e84 elementor-widget elementor-widget-text-editor\" data-id=\"26f6e84\" data-element_type=\"widget\" data-widget_type=\"text-editor.default\">\n\t\t\t\t<div class=\"elementor-widget-container\">\n\t\t\t\t\t\t\t\t\t<p>De 2001 \u00e0 2003, lorsque le premier projet de jardin potager est lanc\u00e9, deux puits sont construits pour pourvoir au besoin du jardin.<\/p><p>Un troisi\u00e8me puits sera construit plus tard, avant le lancement du grand programme hydraulique de 2013 \u00e0 2015.<\/p><p>Une partie de ce programme concernait encore le jardin :<\/p><ul><li>&#8211; un quatri\u00e8me puits,<\/li><li>&#8211; l\u2019installation de bassins d\u2019arrosage reli\u00e9s aux puits<\/li><li>&#8211; et des motopompes install\u00e9es en profondeur pr\u00e8s des puits.<\/li><li><em>&#8211; <\/em>Le programme hydraulique a \u00e9galement permis de creuser un forage pour l\u2019\u00e9cole, qui n\u2019avait jamais eu d\u2019eau auparavant, qu\u2019elle soit potable ou non. Plus profond qu\u2019un puits, il a fallu creuser jusqu\u2019\u00e0 105 m\u00e8tres pour trouver une nappe suffisante. Les enfants de l\u2019\u00e9cole n\u2019ont plus eu soif, et l\u2019hygi\u00e8ne s\u2019en est trouv\u00e9e grandement am\u00e9lior\u00e9e.<\/li><\/ul>\t\t\t\t\t\t\t\t<\/div>\n\t\t\t\t<\/div>\n\t\t\t\t<div class=\"elementor-element elementor-element-816902b elementor-widget elementor-widget-heading\" data-id=\"816902b\" data-element_type=\"widget\" data-widget_type=\"heading.default\">\n\t\t\t\t<div class=\"elementor-widget-container\">\n\t\t\t\t\t<h2 class=\"elementor-heading-title elementor-size-default\">Le d\u00e9veloppement \u00e9conomique<\/h2>\t\t\t\t<\/div>\n\t\t\t\t<\/div>\n\t\t\t\t<div class=\"elementor-element elementor-element-b9153df elementor-widget elementor-widget-text-editor\" data-id=\"b9153df\" data-element_type=\"widget\" data-widget_type=\"text-editor.default\">\n\t\t\t\t<div class=\"elementor-widget-container\">\n\t\t\t\t\t\t\t\t\t<p>Le d\u00e9veloppement et la solidarit\u00e9 internationale ont pour objectif l\u2019autonomisation progressive de la population b\u00e9n\u00e9ficiaire. Des projets ont donc \u00e9t\u00e9 lanc\u00e9s en ce sens, pour aider la population \u00e0 d\u00e9velopper des activit\u00e9s \u00e9conomiques florissantes.<\/p><p>D\u00e8s les d\u00e9buts, en parall\u00e8le de la formation agricole, l\u2019AFBO a \u0153uvr\u00e9 pour<strong> former les femmes \u00e0 la fabrication de savon \u00e0 l\u2019huile de karit\u00e9<\/strong>.<\/p><p>En 2010, gr\u00e2ce \u00e0 la rencontre de D\u00e9sir\u00e9 Yameogo, un projet d\u2019apiculture a pu \u00eatre lanc\u00e9. Il avait cr\u00e9\u00e9, en partant de rien, une <strong>coop\u00e9rative apicole<\/strong> et un centre de formation :<\/p><ul><li>&#8211; 20 personnes se sont port\u00e9es volontaires pour suivre la formation de 15 jours \u00e0 Koudougou.<\/li><li>&#8211; L&rsquo;Appel a \u00e9galement particip\u00e9 \u00e0 l&rsquo;installation d&rsquo;<strong>une<\/strong> <strong>douzaine de ruches et du mat\u00e9riel<\/strong>.<\/li><\/ul><p>Le projet \u00e9tait ainsi lanc\u00e9, avec l\u2019<strong>espoir que la production puisse un jour \u00eatre suffisante pour l\u2019exportation en dehors du village<\/strong>.<\/p>\t\t\t\t\t\t\t\t<\/div>\n\t\t\t\t<\/div>\n\t\t\t\t\t<\/div>\n\t\t\t\t<\/div>\n\t\t<div class=\"has_eae_slider elementor-element elementor-element-1910a80 e-flex e-con-boxed e-con e-parent\" data-eae-slider=\"27504\" data-id=\"1910a80\" data-element_type=\"container\">\n\t\t\t\t\t<div class=\"e-con-inner\">\n\t\t\t\t<div class=\"elementor-element elementor-element-30a9327 elementor-widget elementor-widget-heading\" data-id=\"30a9327\" data-element_type=\"widget\" data-widget_type=\"heading.default\">\n\t\t\t\t<div class=\"elementor-widget-container\">\n\t\t\t\t\t<h2 class=\"elementor-heading-title elementor-size-default\">L'\u00e9cole, meilleur atout pour assurer l'avenir<\/h2>\t\t\t\t<\/div>\n\t\t\t\t<\/div>\n\t\t\t\t<div class=\"elementor-element elementor-element-8e52225 elementor-widget elementor-widget-text-editor\" data-id=\"8e52225\" data-element_type=\"widget\" data-widget_type=\"text-editor.default\">\n\t\t\t\t<div class=\"elementor-widget-container\">\n\t\t\t\t\t\t\t\t\t<p>En plus du <strong>forage qui a permis \u00e0 l\u2019\u00e9cole de disposer d\u2019un acc\u00e8s \u00e0 l\u2019eau<\/strong>, d\u2019autres missions ont \u00e9t\u00e9 r\u00e9alis\u00e9es en faveur de l\u2019\u00e9ducation des enfants.<\/p><p>En 2011, l\u2019\u00e9cole de Karma comptait un peu plus du tiers des enfants du village, mais dans des locaux v\u00e9tustes, avec trop peu d\u2019enseignants (3 pour 200 \u00e9l\u00e8ves). Le niveau des \u00e9l\u00e8ves est en augmentation\u00a0: les re\u00e7us au certificat d\u2019\u00e9tudes ont atteint 97%. Cette ann\u00e9e-l\u00e0, L\u2019Appel a financ\u00e9 18 <strong>bourses scolaires pour que des enfants de CM2 puissent partir au coll\u00e8ge<\/strong>, \u00e0 hauteur de 75%, 25% restant \u00e0 la charge des parents.<\/p><p>En 2018, L\u2019Appel a lanc\u00e9 le projet de <strong>r\u00e9novation de l\u2019\u00e9cole<\/strong>\u00a0:<\/p><ul><li>&#8211; construction d\u2019un b\u00e2timent \u00e0 deux classes,<\/li><li>&#8211; financement de mobilier scolaire,<\/li><li>&#8211; et mise en place d\u2019un voyage scolaire.<\/li><\/ul><p>L\u2019Appel a \u00e9galement investi pour la <strong>formation des enseignants<\/strong> : en 2019, il avait 6 enseignants, qui pouvaient b\u00e9n\u00e9ficier d\u2019une formation continue. Par exemple, la derni\u00e8re en date \u00e9tait une formation aux enjeux du d\u00e9veloppement durable.<\/p><p>Chaque ann\u00e9e, de nombreuses aides \u00e9taient apport\u00e9es pour le fonctionnement habituel de l\u2019\u00e9cole\u00a0:\u00a0 <strong>financement de la cantine scolaire, des bourses scolaires et des fournitures<\/strong>.<\/p>\t\t\t\t\t\t\t\t<\/div>\n\t\t\t\t<\/div>\n\t\t\t\t<div class=\"elementor-element elementor-element-1c5d2a8 elementor-widget-divider--view-line elementor-widget elementor-widget-divider\" data-id=\"1c5d2a8\" data-element_type=\"widget\" data-widget_type=\"divider.default\">\n\t\t\t\t<div class=\"elementor-widget-container\">\n\t\t\t\t\t\t\t<div class=\"elementor-divider\">\n\t\t\t<span class=\"elementor-divider-separator\">\n\t\t\t\t\t\t<\/span>\n\t\t<\/div>\n\t\t\t\t\t\t<\/div>\n\t\t\t\t<\/div>\n\t\t\t\t<div class=\"elementor-element elementor-element-a0a80f5 elementor-widget elementor-widget-text-editor\" data-id=\"a0a80f5\" data-element_type=\"widget\" data-widget_type=\"text-editor.default\">\n\t\t\t\t<div class=\"elementor-widget-container\">\n\t\t\t\t\t\t\t\t\t<p>Ce panorama des actions de L&rsquo;Appel \u00e0 Karma n\u2019est bien s\u00fbr pas exhaustif : le travail r\u00e9alis\u00e9 avec nos partenaires a \u00e9t\u00e9 de grande ampleur et a touch\u00e9 tous les aspects du d\u00e9veloppement. De nombreuses autres actions ont \u00e9t\u00e9 men\u00e9es : aide juridique et administrative pour que tout le monde puisse avoir acc\u00e8s \u00e0 des documents d\u2019identit\u00e9, lutte contre le paludisme gr\u00e2ce \u00e0 la sensibilisation et distribution de moustiquaires, plantation de Moringas, arbres comestibles et avec des vertus m\u00e9dicinales\u2026 <strong>Le d\u00e9veloppement qu\u2019a connu Karma fut remarquable. C&rsquo;est d&rsquo;autant plus triste de voir aujourd&rsquo;hui les survivants r\u00e9fugi\u00e9s, dans l&rsquo;impossibilit\u00e9 de revenir chez eux o\u00f9 ils se sont tant engag\u00e9s.<\/strong><\/p>\t\t\t\t\t\t\t\t<\/div>\n\t\t\t\t<\/div>\n\t\t\t\t\t<\/div>\n\t\t\t\t<\/div>\n\t\t\t\t<\/div>\n\t\t","protected":false},"excerpt":{"rendered":"<p>Avant la terrible journ\u00e9e du 20 avril 2023, Karma, petit village de 2 000 \u00e2mes au c\u0153ur du Burkina Faso, a b\u00e9n\u00e9fici\u00e9 du soutien de L\u2019Appel. Contexte : Ce village de brousse, difficilement accessible donc tr\u00e8s isol\u00e9, \u00e9volue dans un climat semi-d\u00e9sertique, sans eau courante ni \u00e9lectricit\u00e9. Les habitants sont Mossis, ethnie majoritaire du Burkina [&hellip;]<\/p>\n","protected":false},"author":2,"featured_media":0,"comment_status":"open","ping_status":"open","sticky":false,"template":"","format":"standard","meta":{"_acf_changed":false,"footnotes":""},"categories":[281,278,280],"tags":[333],"class_list":["post-32015","post","type-post","status-publish","format-standard","hentry","category-activity","category-education","category-health","tag-burkina-faso","entry"],"acf":[],"yoast_head":"<!-- This site is optimized with the Yoast SEO plugin v26.1 - https:\/\/yoast.com\/wordpress\/plugins\/seo\/ -->\n<title>Karma, 23 ans de d\u00e9veloppements vertueux - Association humanitaire L&#039;Appel et parrainages d&#039;enfants<\/title>\n<meta name=\"description\" content=\"Avant la terrible journ\u00e9e du 20 avril 2023, Karma, petit village de 2 000 \u00e2mes au c\u0153ur du Burkina Faso, a b\u00e9n\u00e9fici\u00e9 du soutien de L\u2019Appel...\" \/>\n<meta name=\"robots\" content=\"noindex, follow, max-snippet:-1, max-image-preview:large, max-video-preview:-1\" \/>\n<meta property=\"og:locale\" content=\"fr_FR\" \/>\n<meta property=\"og:type\" content=\"article\" \/>\n<meta property=\"og:title\" content=\"Karma, 23 ans de d\u00e9veloppements vertueux - Association humanitaire L&#039;Appel et parrainages d&#039;enfants\" \/>\n<meta property=\"og:description\" content=\"Avant la terrible journ\u00e9e du 20 avril 2023, Karma, petit village de 2 000 \u00e2mes au c\u0153ur du Burkina Faso, a b\u00e9n\u00e9fici\u00e9 du soutien de L\u2019Appel...\" \/>\n<meta property=\"og:url\" content=\"https:\/\/alteriade-clients.alwaysdata.net\/appel\/karma-histoire\/\" \/>\n<meta property=\"og:site_name\" content=\"Association humanitaire L&#039;Appel et parrainages d&#039;enfants\" \/>\n<meta property=\"article:published_time\" content=\"2023-11-28T09:00:54+00:00\" \/>\n<meta property=\"article:modified_time\" content=\"2025-09-22T13:17:07+00:00\" \/>\n<meta name=\"author\" content=\"lappel-admin\" \/>\n<meta name=\"twitter:card\" content=\"summary_large_image\" \/>\n<meta name=\"twitter:label1\" content=\"\u00c9crit par\" \/>\n\t<meta name=\"twitter:data1\" content=\"lappel-admin\" \/>\n\t<meta name=\"twitter:label2\" content=\"Dur\u00e9e de lecture estim\u00e9e\" \/>\n\t<meta name=\"twitter:data2\" content=\"7 minutes\" \/>\n<script type=\"application\/ld+json\" class=\"yoast-schema-graph\">{\"@context\":\"https:\/\/schema.org\",\"@graph\":[{\"@type\":\"Article\",\"@id\":\"https:\/\/alteriade-clients.alwaysdata.net\/appel\/karma-histoire\/#article\",\"isPartOf\":{\"@id\":\"https:\/\/alteriade-clients.alwaysdata.net\/appel\/karma-histoire\/\"},\"author\":{\"name\":\"lappel-admin\",\"@id\":\"https:\/\/alteriade-clients.alwaysdata.net\/appel\/#\/schema\/person\/efe370d09084382ae2d7b977ba212e78\"},\"headline\":\"Karma, 23 ans de d\u00e9veloppements vertueux\",\"datePublished\":\"2023-11-28T09:00:54+00:00\",\"dateModified\":\"2025-09-22T13:17:07+00:00\",\"mainEntityOfPage\":{\"@id\":\"https:\/\/alteriade-clients.alwaysdata.net\/appel\/karma-histoire\/\"},\"wordCount\":1402,\"commentCount\":0,\"publisher\":{\"@id\":\"https:\/\/alteriade-clients.alwaysdata.net\/appel\/#organization\"},\"keywords\":[\"burkina faso\"],\"articleSection\":[\"Conditions de vie\",\"\u00c9ducation\",\"Sant\u00e9\"],\"inLanguage\":\"fr-FR\"},{\"@type\":[\"WebPage\",\"ItemPage\"],\"@id\":\"https:\/\/alteriade-clients.alwaysdata.net\/appel\/karma-histoire\/\",\"url\":\"https:\/\/alteriade-clients.alwaysdata.net\/appel\/karma-histoire\/\",\"name\":\"Karma, 23 ans de d\u00e9veloppements vertueux - Association humanitaire L&#039;Appel et parrainages d&#039;enfants\",\"isPartOf\":{\"@id\":\"https:\/\/alteriade-clients.alwaysdata.net\/appel\/#website\"},\"datePublished\":\"2023-11-28T09:00:54+00:00\",\"dateModified\":\"2025-09-22T13:17:07+00:00\",\"description\":\"Avant la terrible journ\u00e9e du 20 avril 2023, Karma, petit village de 2 000 \u00e2mes au c\u0153ur du Burkina Faso, a b\u00e9n\u00e9fici\u00e9 du soutien de L\u2019Appel...\",\"breadcrumb\":{\"@id\":\"https:\/\/alteriade-clients.alwaysdata.net\/appel\/karma-histoire\/#breadcrumb\"},\"inLanguage\":\"fr-FR\",\"potentialAction\":[{\"@type\":\"ReadAction\",\"target\":[\"https:\/\/alteriade-clients.alwaysdata.net\/appel\/karma-histoire\/\"]}]},{\"@type\":\"BreadcrumbList\",\"@id\":\"https:\/\/alteriade-clients.alwaysdata.net\/appel\/karma-histoire\/#breadcrumb\",\"itemListElement\":[{\"@type\":\"ListItem\",\"position\":1,\"name\":\"Accueil\",\"item\":\"https:\/\/alteriade-clients.alwaysdata.net\/appel\/\"},{\"@type\":\"ListItem\",\"position\":2,\"name\":\"Karma, 23 ans de d\u00e9veloppements vertueux\"}]},{\"@type\":\"WebSite\",\"@id\":\"https:\/\/alteriade-clients.alwaysdata.net\/appel\/#website\",\"url\":\"https:\/\/alteriade-clients.alwaysdata.net\/appel\/\",\"name\":\"Association humanitaire l'Appel et parrainages d'enfants\",\"description\":\"Solidarit\u00e9 avec les enfants du monde\",\"publisher\":{\"@id\":\"https:\/\/alteriade-clients.alwaysdata.net\/appel\/#organization\"},\"alternateName\":\"L'Appel\",\"potentialAction\":[{\"@type\":\"SearchAction\",\"target\":{\"@type\":\"EntryPoint\",\"urlTemplate\":\"https:\/\/alteriade-clients.alwaysdata.net\/appel\/?s={search_term_string}\"},\"query-input\":{\"@type\":\"PropertyValueSpecification\",\"valueRequired\":true,\"valueName\":\"search_term_string\"}}],\"inLanguage\":\"fr-FR\"},{\"@type\":\"Organization\",\"@id\":\"https:\/\/alteriade-clients.alwaysdata.net\/appel\/#organization\",\"name\":\"Association humanitaire L'Appel et parrainages d'enfants\",\"url\":\"https:\/\/alteriade-clients.alwaysdata.net\/appel\/\",\"logo\":{\"@type\":\"ImageObject\",\"inLanguage\":\"fr-FR\",\"@id\":\"https:\/\/alteriade-clients.alwaysdata.net\/appel\/#\/schema\/logo\/image\/\",\"url\":\"https:\/\/alteriade-clients.alwaysdata.net\/appel\/wp-content\/uploads\/2020\/09\/Logo-web.png\",\"contentUrl\":\"https:\/\/alteriade-clients.alwaysdata.net\/appel\/wp-content\/uploads\/2020\/09\/Logo-web.png\",\"width\":1834,\"height\":1333,\"caption\":\"Association humanitaire L'Appel et parrainages d'enfants\"},\"image\":{\"@id\":\"https:\/\/alteriade-clients.alwaysdata.net\/appel\/#\/schema\/logo\/image\/\"}},{\"@type\":\"Person\",\"@id\":\"https:\/\/alteriade-clients.alwaysdata.net\/appel\/#\/schema\/person\/efe370d09084382ae2d7b977ba212e78\",\"name\":\"lappel-admin\"}]}<\/script>\n<!-- \/ Yoast SEO plugin. -->","yoast_head_json":{"title":"Karma, 23 ans de d\u00e9veloppements vertueux - Association humanitaire L&#039;Appel et parrainages d&#039;enfants","description":"Avant la terrible journ\u00e9e du 20 avril 2023, Karma, petit village de 2 000 \u00e2mes au c\u0153ur du Burkina Faso, a b\u00e9n\u00e9fici\u00e9 du soutien de L\u2019Appel...","robots":{"index":"noindex","follow":"follow","max-snippet":"max-snippet:-1","max-image-preview":"max-image-preview:large","max-video-preview":"max-video-preview:-1"},"og_locale":"fr_FR","og_type":"article","og_title":"Karma, 23 ans de d\u00e9veloppements vertueux - Association humanitaire L&#039;Appel et parrainages d&#039;enfants","og_description":"Avant la terrible journ\u00e9e du 20 avril 2023, Karma, petit village de 2 000 \u00e2mes au c\u0153ur du Burkina Faso, a b\u00e9n\u00e9fici\u00e9 du soutien de L\u2019Appel...","og_url":"https:\/\/alteriade-clients.alwaysdata.net\/appel\/karma-histoire\/","og_site_name":"Association humanitaire L&#039;Appel et parrainages d&#039;enfants","article_published_time":"2023-11-28T09:00:54+00:00","article_modified_time":"2025-09-22T13:17:07+00:00","author":"lappel-admin","twitter_card":"summary_large_image","twitter_misc":{"\u00c9crit par":"lappel-admin","Dur\u00e9e de lecture estim\u00e9e":"7 minutes"},"schema":{"@context":"https:\/\/schema.org","@graph":[{"@type":"Article","@id":"https:\/\/alteriade-clients.alwaysdata.net\/appel\/karma-histoire\/#article","isPartOf":{"@id":"https:\/\/alteriade-clients.alwaysdata.net\/appel\/karma-histoire\/"},"author":{"name":"lappel-admin","@id":"https:\/\/alteriade-clients.alwaysdata.net\/appel\/#\/schema\/person\/efe370d09084382ae2d7b977ba212e78"},"headline":"Karma, 23 ans de d\u00e9veloppements vertueux","datePublished":"2023-11-28T09:00:54+00:00","dateModified":"2025-09-22T13:17:07+00:00","mainEntityOfPage":{"@id":"https:\/\/alteriade-clients.alwaysdata.net\/appel\/karma-histoire\/"},"wordCount":1402,"commentCount":0,"publisher":{"@id":"https:\/\/alteriade-clients.alwaysdata.net\/appel\/#organization"},"keywords":["burkina faso"],"articleSection":["Conditions de vie","\u00c9ducation","Sant\u00e9"],"inLanguage":"fr-FR"},{"@type":["WebPage","ItemPage"],"@id":"https:\/\/alteriade-clients.alwaysdata.net\/appel\/karma-histoire\/","url":"https:\/\/alteriade-clients.alwaysdata.net\/appel\/karma-histoire\/","name":"Karma, 23 ans de d\u00e9veloppements vertueux - Association humanitaire L&#039;Appel et parrainages d&#039;enfants","isPartOf":{"@id":"https:\/\/alteriade-clients.alwaysdata.net\/appel\/#website"},"datePublished":"2023-11-28T09:00:54+00:00","dateModified":"2025-09-22T13:17:07+00:00","description":"Avant la terrible journ\u00e9e du 20 avril 2023, Karma, petit village de 2 000 \u00e2mes au c\u0153ur du Burkina Faso, a b\u00e9n\u00e9fici\u00e9 du soutien de L\u2019Appel...","breadcrumb":{"@id":"https:\/\/alteriade-clients.alwaysdata.net\/appel\/karma-histoire\/#breadcrumb"},"inLanguage":"fr-FR","potentialAction":[{"@type":"ReadAction","target":["https:\/\/alteriade-clients.alwaysdata.net\/appel\/karma-histoire\/"]}]},{"@type":"BreadcrumbList","@id":"https:\/\/alteriade-clients.alwaysdata.net\/appel\/karma-histoire\/#breadcrumb","itemListElement":[{"@type":"ListItem","position":1,"name":"Accueil","item":"https:\/\/alteriade-clients.alwaysdata.net\/appel\/"},{"@type":"ListItem","position":2,"name":"Karma, 23 ans de d\u00e9veloppements vertueux"}]},{"@type":"WebSite","@id":"https:\/\/alteriade-clients.alwaysdata.net\/appel\/#website","url":"https:\/\/alteriade-clients.alwaysdata.net\/appel\/","name":"Association humanitaire l'Appel et parrainages d'enfants","description":"Solidarit\u00e9 avec les enfants du monde","publisher":{"@id":"https:\/\/alteriade-clients.alwaysdata.net\/appel\/#organization"},"alternateName":"L'Appel","potentialAction":[{"@type":"SearchAction","target":{"@type":"EntryPoint","urlTemplate":"https:\/\/alteriade-clients.alwaysdata.net\/appel\/?s={search_term_string}"},"query-input":{"@type":"PropertyValueSpecification","valueRequired":true,"valueName":"search_term_string"}}],"inLanguage":"fr-FR"},{"@type":"Organization","@id":"https:\/\/alteriade-clients.alwaysdata.net\/appel\/#organization","name":"Association humanitaire L'Appel et parrainages d'enfants","url":"https:\/\/alteriade-clients.alwaysdata.net\/appel\/","logo":{"@type":"ImageObject","inLanguage":"fr-FR","@id":"https:\/\/alteriade-clients.alwaysdata.net\/appel\/#\/schema\/logo\/image\/","url":"https:\/\/alteriade-clients.alwaysdata.net\/appel\/wp-content\/uploads\/2020\/09\/Logo-web.png","contentUrl":"https:\/\/alteriade-clients.alwaysdata.net\/appel\/wp-content\/uploads\/2020\/09\/Logo-web.png","width":1834,"height":1333,"caption":"Association humanitaire L'Appel et parrainages d'enfants"},"image":{"@id":"https:\/\/alteriade-clients.alwaysdata.net\/appel\/#\/schema\/logo\/image\/"}},{"@type":"Person","@id":"https:\/\/alteriade-clients.alwaysdata.net\/appel\/#\/schema\/person\/efe370d09084382ae2d7b977ba212e78","name":"lappel-admin"}]}},"_links":{"self":[{"href":"https:\/\/alteriade-clients.alwaysdata.net\/appel\/wp-json\/wp\/v2\/posts\/32015","targetHints":{"allow":["GET"]}}],"collection":[{"href":"https:\/\/alteriade-clients.alwaysdata.net\/appel\/wp-json\/wp\/v2\/posts"}],"about":[{"href":"https:\/\/alteriade-clients.alwaysdata.net\/appel\/wp-json\/wp\/v2\/types\/post"}],"author":[{"embeddable":true,"href":"https:\/\/alteriade-clients.alwaysdata.net\/appel\/wp-json\/wp\/v2\/users\/2"}],"replies":[{"embeddable":true,"href":"https:\/\/alteriade-clients.alwaysdata.net\/appel\/wp-json\/wp\/v2\/comments?post=32015"}],"version-history":[{"count":10,"href":"https:\/\/alteriade-clients.alwaysdata.net\/appel\/wp-json\/wp\/v2\/posts\/32015\/revisions"}],"predecessor-version":[{"id":32027,"href":"https:\/\/alteriade-clients.alwaysdata.net\/appel\/wp-json\/wp\/v2\/posts\/32015\/revisions\/32027"}],"wp:attachment":[{"href":"https:\/\/alteriade-clients.alwaysdata.net\/appel\/wp-json\/wp\/v2\/media?parent=32015"}],"wp:term":[{"taxonomy":"category","embeddable":true,"href":"https:\/\/alteriade-clients.alwaysdata.net\/appel\/wp-json\/wp\/v2\/categories?post=32015"},{"taxonomy":"post_tag","embeddable":true,"href":"https:\/\/alteriade-clients.alwaysdata.net\/appel\/wp-json\/wp\/v2\/tags?post=32015"}],"curies":[{"name":"wp","href":"https:\/\/api.w.org\/{rel}","templated":true}]}}