{"id":30063,"date":"2025-09-09T14:47:58","date_gmt":"2025-09-09T12:47:58","guid":{"rendered":"https:\/\/alteriade-clients.alwaysdata.net\/appel\/?p=30063"},"modified":"2025-09-09T15:22:18","modified_gmt":"2025-09-09T13:22:18","slug":"vsi-congo","status":"publish","type":"post","link":"https:\/\/alteriade-clients.alwaysdata.net\/appel\/vsi-congo\/","title":{"rendered":"Une VSI pour l\u2019autonomisation financi\u00e8re de l\u2019\u00e9cole Nelson Mandela au Congo"},"content":{"rendered":"\t\t<div data-elementor-type=\"wp-post\" data-elementor-id=\"30063\" class=\"elementor elementor-30063\" data-elementor-post-type=\"post\">\n\t\t\t\t<div class=\"has_eae_slider elementor-element elementor-element-eb4013d e-flex e-con-boxed e-con e-parent\" data-eae-slider=\"30383\" data-id=\"eb4013d\" data-element_type=\"container\">\n\t\t\t\t\t<div class=\"e-con-inner\">\n\t\t\t\t<div class=\"elementor-element elementor-element-782b423 elementor-widget elementor-widget-heading\" data-id=\"782b423\" data-element_type=\"widget\" data-widget_type=\"heading.default\">\n\t\t\t\t<div class=\"elementor-widget-container\">\n\t\t\t\t\t<h2 class=\"elementor-heading-title elementor-size-default\">Un projet couronn\u00e9 de succ\u00e8s <\/h2>\t\t\t\t<\/div>\n\t\t\t\t<\/div>\n\t\t\t\t<div class=\"elementor-element elementor-element-f0384f7 elementor-widget elementor-widget-text-editor\" data-id=\"f0384f7\" data-element_type=\"widget\" data-widget_type=\"text-editor.default\">\n\t\t\t\t<div class=\"elementor-widget-container\">\n\t\t\t\t\t\t\t\t\t<p>L\u2019\u00e9cole Nelson Mandela est l\u2019un des rares exemples d\u2019\u00e9cole associative au Congo. Face \u00e0 la d\u00e9gradation du syst\u00e8me scolaire public, les \u00e9coles priv\u00e9es fleurissent dans le pays, souvent guid\u00e9es par une logique commerciale. Cela a pour effet d\u2019emp\u00eacher l\u2019acc\u00e8s \u00e0 un enseignement de qualit\u00e9 pour les enfants les plus pauvres, creusant davantage le foss\u00e9 social.<\/p>\n<p>Avec le soutien de L\u2019Appel, l\u2019association la GRAINE, gestionnaire de l\u2019\u00e9cole Nelson Mandela, est parvenue \u00e0 mettre sur pied une \u00e9cole fonctionnelle et performante. L\u2019\u00e9cole est bien administr\u00e9e, les enseignants sont bien form\u00e9s, et capables de former les nouveaux enseignants&nbsp;: le fonctionnement de l\u2019Ecole est d\u00e9sormais p\u00e9renne. Les r\u00e9sultats des \u00e9l\u00e8ves \u00e0 l\u2019examen de fin de cycle primaire en t\u00e9moignent.<\/p>\t\t\t\t\t\t\t\t<\/div>\n\t\t\t\t<\/div>\n\t\t\t\t\t<\/div>\n\t\t\t\t<\/div>\n\t\t<div class=\"has_eae_slider elementor-element elementor-element-6665ec3 e-flex e-con-boxed e-con e-parent\" data-eae-slider=\"86147\" data-id=\"6665ec3\" data-element_type=\"container\">\n\t\t\t\t\t<div class=\"e-con-inner\">\n\t\t\t\t<div class=\"elementor-element elementor-element-378e52d elementor-widget elementor-widget-gallery\" data-id=\"378e52d\" data-element_type=\"widget\" data-settings=\"{&quot;lazyload&quot;:&quot;yes&quot;,&quot;gallery_layout&quot;:&quot;grid&quot;,&quot;columns&quot;:4,&quot;columns_tablet&quot;:2,&quot;columns_mobile&quot;:1,&quot;gap&quot;:{&quot;unit&quot;:&quot;px&quot;,&quot;size&quot;:10,&quot;sizes&quot;:[]},&quot;gap_tablet&quot;:{&quot;unit&quot;:&quot;px&quot;,&quot;size&quot;:10,&quot;sizes&quot;:[]},&quot;gap_mobile&quot;:{&quot;unit&quot;:&quot;px&quot;,&quot;size&quot;:10,&quot;sizes&quot;:[]},&quot;link_to&quot;:&quot;file&quot;,&quot;aspect_ratio&quot;:&quot;3:2&quot;,&quot;overlay_background&quot;:&quot;yes&quot;,&quot;content_hover_animation&quot;:&quot;fade-in&quot;}\" data-widget_type=\"gallery.default\">\n\t\t\t\t<div class=\"elementor-widget-container\">\n\t\t\t\t\t\t\t<div class=\"elementor-gallery__container\">\n\t\t\t\t\t\t\t<a class=\"e-gallery-item elementor-gallery-item elementor-animated-content\" href=\"https:\/\/alteriade-clients.alwaysdata.net\/appel\/wp-content\/uploads\/2025\/07\/Congo-2019_Eleves_ecole-Nelson-Mandela-13-scaled.jpg\" data-elementor-open-lightbox=\"yes\" data-elementor-lightbox-slideshow=\"378e52d\" data-elementor-lightbox-title=\"Congo 2019_El\u00e8ves_\u00e9cole Nelson Mandela (13)\" data-e-action-hash=\"#elementor-action%3Aaction%3Dlightbox%26settings%3DeyJpZCI6MjY4MTIsInVybCI6Imh0dHBzOlwvXC9hbHRlcmlhZGUtY2xpZW50cy5hbHdheXNkYXRhLm5ldFwvYXBwZWxcL3dwLWNvbnRlbnRcL3VwbG9hZHNcLzIwMjVcLzA3XC9Db25nby0yMDE5X0VsZXZlc19lY29sZS1OZWxzb24tTWFuZGVsYS0xMy1zY2FsZWQuanBnIiwic2xpZGVzaG93IjoiMzc4ZTUyZCJ9\">\n\t\t\t\t\t<div class=\"e-gallery-image elementor-gallery-item__image\" data-thumbnail=\"https:\/\/alteriade-clients.alwaysdata.net\/appel\/wp-content\/uploads\/2025\/07\/Congo-2019_Eleves_ecole-Nelson-Mandela-13-300x206.jpg\" data-width=\"300\" data-height=\"206\" aria-label=\"congo-education-parrainage-ecole-nelson-mandela-pointe-noire-solidarite\" role=\"img\" ><\/div>\n\t\t\t\t\t\t\t\t\t\t\t<div class=\"elementor-gallery-item__overlay\"><\/div>\n\t\t\t\t\t\t\t\t\t\t\t\t\t\t<\/a>\n\t\t\t\t\t\t\t<a class=\"e-gallery-item elementor-gallery-item elementor-animated-content\" href=\"https:\/\/alteriade-clients.alwaysdata.net\/appel\/wp-content\/uploads\/2020\/09\/Congo-2019_Education_Fille-nov-17-24-scaled.jpg\" data-elementor-open-lightbox=\"yes\" data-elementor-lightbox-slideshow=\"378e52d\" data-elementor-lightbox-title=\"Congo 2019_Education_Fille nov 17-24\" data-e-action-hash=\"#elementor-action%3Aaction%3Dlightbox%26settings%3DeyJpZCI6MjM5MTYsInVybCI6Imh0dHBzOlwvXC9hbHRlcmlhZGUtY2xpZW50cy5hbHdheXNkYXRhLm5ldFwvYXBwZWxcL3dwLWNvbnRlbnRcL3VwbG9hZHNcLzIwMjBcLzA5XC9Db25nby0yMDE5X0VkdWNhdGlvbl9GaWxsZS1ub3YtMTctMjQtc2NhbGVkLmpwZyIsInNsaWRlc2hvdyI6IjM3OGU1MmQifQ%3D%3D\">\n\t\t\t\t\t<div class=\"e-gallery-image elementor-gallery-item__image\" data-thumbnail=\"https:\/\/alteriade-clients.alwaysdata.net\/appel\/wp-content\/uploads\/2020\/09\/Congo-2019_Education_Fille-nov-17-24-225x300.jpg\" data-width=\"225\" data-height=\"300\" aria-label=\"congo-education-fille-a-lecole-parrainage\" role=\"img\" ><\/div>\n\t\t\t\t\t\t\t\t\t\t\t<div class=\"elementor-gallery-item__overlay\"><\/div>\n\t\t\t\t\t\t\t\t\t\t\t\t\t\t<\/a>\n\t\t\t\t\t\t\t<a class=\"e-gallery-item elementor-gallery-item elementor-animated-content\" href=\"https:\/\/alteriade-clients.alwaysdata.net\/appel\/wp-content\/uploads\/2025\/06\/SoutienProjet_Congo-2019_Education_Professeur-et-EnfantsN-MANDELA-SCHOOL.jpg\" data-elementor-open-lightbox=\"yes\" data-elementor-lightbox-slideshow=\"378e52d\" data-elementor-lightbox-title=\"parrainages congo\" data-e-action-hash=\"#elementor-action%3Aaction%3Dlightbox%26settings%3DeyJpZCI6MjMwMDQsInVybCI6Imh0dHBzOlwvXC9hbHRlcmlhZGUtY2xpZW50cy5hbHdheXNkYXRhLm5ldFwvYXBwZWxcL3dwLWNvbnRlbnRcL3VwbG9hZHNcLzIwMjVcLzA2XC9Tb3V0aWVuUHJvamV0X0NvbmdvLTIwMTlfRWR1Y2F0aW9uX1Byb2Zlc3NldXItZXQtRW5mYW50c04tTUFOREVMQS1TQ0hPT0wuanBnIiwic2xpZGVzaG93IjoiMzc4ZTUyZCJ9\">\n\t\t\t\t\t<div class=\"e-gallery-image elementor-gallery-item__image\" data-thumbnail=\"https:\/\/alteriade-clients.alwaysdata.net\/appel\/wp-content\/uploads\/2025\/06\/SoutienProjet_Congo-2019_Education_Professeur-et-EnfantsN-MANDELA-SCHOOL-300x193.jpg\" data-width=\"300\" data-height=\"193\" aria-label=\"education-formation-enseignants-congo\" role=\"img\" ><\/div>\n\t\t\t\t\t\t\t\t\t\t\t<div class=\"elementor-gallery-item__overlay\"><\/div>\n\t\t\t\t\t\t\t\t\t\t\t\t\t\t<\/a>\n\t\t\t\t\t\t\t<a class=\"e-gallery-item elementor-gallery-item elementor-animated-content\" href=\"https:\/\/alteriade-clients.alwaysdata.net\/appel\/wp-content\/uploads\/2025\/07\/CONGO-2019-Nelson-MANDELA-5-scaled.jpg\" data-elementor-open-lightbox=\"yes\" data-elementor-lightbox-slideshow=\"378e52d\" data-e-action-hash=\"#elementor-action%3Aaction%3Dlightbox%26settings%3DeyJpZCI6MjM1NTMsInVybCI6Imh0dHBzOlwvXC9hbHRlcmlhZGUtY2xpZW50cy5hbHdheXNkYXRhLm5ldFwvYXBwZWxcL3dwLWNvbnRlbnRcL3VwbG9hZHNcLzIwMjVcLzA3XC9DT05HTy0yMDE5LU5lbHNvbi1NQU5ERUxBLTUtc2NhbGVkLmpwZyIsInNsaWRlc2hvdyI6IjM3OGU1MmQifQ%3D%3D\">\n\t\t\t\t\t<div class=\"e-gallery-image elementor-gallery-item__image\" data-thumbnail=\"https:\/\/alteriade-clients.alwaysdata.net\/appel\/wp-content\/uploads\/2025\/07\/CONGO-2019-Nelson-MANDELA-5-300x192.jpg\" data-width=\"300\" data-height=\"192\" aria-label=\"congo-ecole-associative-parrainage\" role=\"img\" ><\/div>\n\t\t\t\t\t\t\t\t\t\t\t<div class=\"elementor-gallery-item__overlay\"><\/div>\n\t\t\t\t\t\t\t\t\t\t\t\t\t\t<\/a>\n\t\t\t\t\t<\/div>\n\t\t\t\t\t<\/div>\n\t\t\t\t<\/div>\n\t\t\t\t\t<\/div>\n\t\t\t\t<\/div>\n\t\t<div class=\"has_eae_slider elementor-element elementor-element-bd63774 e-flex e-con-boxed e-con e-parent\" data-eae-slider=\"86502\" data-id=\"bd63774\" data-element_type=\"container\">\n\t\t\t\t\t<div class=\"e-con-inner\">\n\t\t\t\t<div class=\"elementor-element elementor-element-fd54eb5 elementor-widget elementor-widget-heading\" data-id=\"fd54eb5\" data-element_type=\"widget\" data-widget_type=\"heading.default\">\n\t\t\t\t<div class=\"elementor-widget-container\">\n\t\t\t\t\t<h2 class=\"elementor-heading-title elementor-size-default\">Le dernier d\u00e9fi : les ressources financi\u00e8res<\/h2>\t\t\t\t<\/div>\n\t\t\t\t<\/div>\n\t\t\t\t<div class=\"elementor-element elementor-element-6d87ac5 elementor-widget elementor-widget-text-editor\" data-id=\"6d87ac5\" data-element_type=\"widget\" data-widget_type=\"text-editor.default\">\n\t\t\t\t<div class=\"elementor-widget-container\">\n\t\t\t\t\t\t\t\t\t<p>Au terme de dix ans d\u2019accompagnement et de soutien \u00e0 l\u2019association La GRAINE, une nouvelle \u00e9tape se pr\u00e9sente : cr\u00e9er les conditions pour une autonomie financi\u00e8re de notre partenaire. Le personnel \u00e9tant comp\u00e9tent, les seuls besoins de l\u2019association sont d\u00e9sormais de nature financi\u00e8re. Pour augmenter significativement les ressources financi\u00e8res, deux solutions\u00a0:<\/p><p>-Augmenter le nombre d\u2019\u00e9l\u00e8ves par classe : cela entra\u00eenerait une diminution des frais d\u2019inscription pay\u00e9s par les familles.<\/p><p>-Trouver de nouvelles ressources : amplifier le d\u00e9veloppement des solidarit\u00e9s locales (particuliers, m\u00e9c\u00e8nes\u2026), pour remplacer les subventions de L\u2019Appel.<\/p>\t\t\t\t\t\t\t\t<\/div>\n\t\t\t\t<\/div>\n\t\t\t\t\t<\/div>\n\t\t\t\t<\/div>\n\t\t<div class=\"has_eae_slider elementor-element elementor-element-7f0f711 e-flex e-con-boxed e-con e-parent\" data-eae-slider=\"57854\" data-id=\"7f0f711\" data-element_type=\"container\">\n\t\t\t\t\t<div class=\"e-con-inner\">\n\t\t\t\t<div class=\"elementor-element elementor-element-1bdd295 elementor-widget elementor-widget-gallery\" data-id=\"1bdd295\" data-element_type=\"widget\" data-settings=\"{&quot;gallery_layout&quot;:&quot;justified&quot;,&quot;lazyload&quot;:&quot;yes&quot;,&quot;ideal_row_height&quot;:{&quot;unit&quot;:&quot;px&quot;,&quot;size&quot;:200,&quot;sizes&quot;:[]},&quot;ideal_row_height_tablet&quot;:{&quot;unit&quot;:&quot;px&quot;,&quot;size&quot;:150,&quot;sizes&quot;:[]},&quot;ideal_row_height_mobile&quot;:{&quot;unit&quot;:&quot;px&quot;,&quot;size&quot;:150,&quot;sizes&quot;:[]},&quot;gap&quot;:{&quot;unit&quot;:&quot;px&quot;,&quot;size&quot;:10,&quot;sizes&quot;:[]},&quot;gap_tablet&quot;:{&quot;unit&quot;:&quot;px&quot;,&quot;size&quot;:10,&quot;sizes&quot;:[]},&quot;gap_mobile&quot;:{&quot;unit&quot;:&quot;px&quot;,&quot;size&quot;:10,&quot;sizes&quot;:[]},&quot;link_to&quot;:&quot;file&quot;,&quot;overlay_background&quot;:&quot;yes&quot;,&quot;content_hover_animation&quot;:&quot;fade-in&quot;}\" data-widget_type=\"gallery.default\">\n\t\t\t\t<div class=\"elementor-widget-container\">\n\t\t\t\t\t\t\t<div class=\"elementor-gallery__container\">\n\t\t\t\t\t\t\t<a class=\"e-gallery-item elementor-gallery-item elementor-animated-content\" href=\"https:\/\/alteriade-clients.alwaysdata.net\/appel\/wp-content\/uploads\/2025\/07\/CONGO-2019-Nelson-MANDELA-1-scaled-e1753970283795.jpg\" data-elementor-open-lightbox=\"yes\" data-elementor-lightbox-slideshow=\"1bdd295\" data-elementor-lightbox-title=\"Enfants congolais \u00e0 la cantine\" data-e-action-hash=\"#elementor-action%3Aaction%3Dlightbox%26settings%3DeyJpZCI6MjUxNzYsInVybCI6Imh0dHBzOlwvXC9hbHRlcmlhZGUtY2xpZW50cy5hbHdheXNkYXRhLm5ldFwvYXBwZWxcL3dwLWNvbnRlbnRcL3VwbG9hZHNcLzIwMjVcLzA3XC9DT05HTy0yMDE5LU5lbHNvbi1NQU5ERUxBLTEtc2NhbGVkLWUxNzUzOTcwMjgzNzk1LmpwZyIsInNsaWRlc2hvdyI6IjFiZGQyOTUifQ%3D%3D\">\n\t\t\t\t\t<div class=\"e-gallery-image elementor-gallery-item__image\" data-thumbnail=\"https:\/\/alteriade-clients.alwaysdata.net\/appel\/wp-content\/uploads\/2025\/07\/CONGO-2019-Nelson-MANDELA-1-scaled-e1753970283795-223x300.jpg\" data-width=\"223\" data-height=\"300\" aria-label=\"sant\u00e9-malnutrition-chronique-cantine-congo\" role=\"img\" ><\/div>\n\t\t\t\t\t\t\t\t\t\t\t<div class=\"elementor-gallery-item__overlay\"><\/div>\n\t\t\t\t\t\t\t\t\t\t\t\t\t\t<\/a>\n\t\t\t\t\t\t\t<a class=\"e-gallery-item elementor-gallery-item elementor-animated-content\" href=\"https:\/\/alteriade-clients.alwaysdata.net\/appel\/wp-content\/uploads\/2020\/09\/Congo-2024_Ecole-Nelson-Mandela_Classe-CE1-min-scaled-e1753970269368.jpg\" data-elementor-open-lightbox=\"yes\" data-elementor-lightbox-slideshow=\"1bdd295\" data-elementor-lightbox-title=\"parrainages congo\" data-e-action-hash=\"#elementor-action%3Aaction%3Dlightbox%26settings%3DeyJpZCI6MjY3NzYsInVybCI6Imh0dHBzOlwvXC9hbHRlcmlhZGUtY2xpZW50cy5hbHdheXNkYXRhLm5ldFwvYXBwZWxcL3dwLWNvbnRlbnRcL3VwbG9hZHNcLzIwMjBcLzA5XC9Db25nby0yMDI0X0Vjb2xlLU5lbHNvbi1NYW5kZWxhX0NsYXNzZS1DRTEtbWluLXNjYWxlZC1lMTc1Mzk3MDI2OTM2OC5qcGciLCJzbGlkZXNob3ciOiIxYmRkMjk1In0%3D\">\n\t\t\t\t\t<div class=\"e-gallery-image elementor-gallery-item__image\" data-thumbnail=\"https:\/\/alteriade-clients.alwaysdata.net\/appel\/wp-content\/uploads\/2020\/09\/Congo-2024_Ecole-Nelson-Mandela_Classe-CE1-min-scaled-e1753970269368-300x203.jpg\" data-width=\"300\" data-height=\"203\" aria-label=\"congo-education-parrainage-ecole-primaire-nelson-mandela\" role=\"img\" ><\/div>\n\t\t\t\t\t\t\t\t\t\t\t<div class=\"elementor-gallery-item__overlay\"><\/div>\n\t\t\t\t\t\t\t\t\t\t\t\t\t\t<\/a>\n\t\t\t\t\t\t\t<a class=\"e-gallery-item elementor-gallery-item elementor-animated-content\" href=\"https:\/\/alteriade-clients.alwaysdata.net\/appel\/wp-content\/uploads\/2025\/07\/Congo-2019_Eleves_ecole-Nelson-Mandela-1-scaled.jpg\" data-elementor-open-lightbox=\"yes\" data-elementor-lightbox-slideshow=\"1bdd295\" data-elementor-lightbox-title=\"Congo 2019_El\u00e8ves_\u00e9cole Nelson Mandela (1)\" data-e-action-hash=\"#elementor-action%3Aaction%3Dlightbox%26settings%3DeyJpZCI6MjY4MjksInVybCI6Imh0dHBzOlwvXC9hbHRlcmlhZGUtY2xpZW50cy5hbHdheXNkYXRhLm5ldFwvYXBwZWxcL3dwLWNvbnRlbnRcL3VwbG9hZHNcLzIwMjVcLzA3XC9Db25nby0yMDE5X0VsZXZlc19lY29sZS1OZWxzb24tTWFuZGVsYS0xLXNjYWxlZC5qcGciLCJzbGlkZXNob3ciOiIxYmRkMjk1In0%3D\">\n\t\t\t\t\t<div class=\"e-gallery-image elementor-gallery-item__image\" data-thumbnail=\"https:\/\/alteriade-clients.alwaysdata.net\/appel\/wp-content\/uploads\/2025\/07\/Congo-2019_Eleves_ecole-Nelson-Mandela-1-300x180.jpg\" data-width=\"300\" data-height=\"180\" aria-label=\"congo-education-parrainage-ecole-nelson-mandela\" role=\"img\" ><\/div>\n\t\t\t\t\t\t\t\t\t\t\t<div class=\"elementor-gallery-item__overlay\"><\/div>\n\t\t\t\t\t\t\t\t\t\t\t\t\t\t<\/a>\n\t\t\t\t\t<\/div>\n\t\t\t\t\t<\/div>\n\t\t\t\t<\/div>\n\t\t\t\t\t<\/div>\n\t\t\t\t<\/div>\n\t\t<div class=\"has_eae_slider elementor-element elementor-element-e0bfa93 e-flex e-con-boxed e-con e-parent\" data-eae-slider=\"18205\" data-id=\"e0bfa93\" data-element_type=\"container\">\n\t\t\t\t\t<div class=\"e-con-inner\">\n\t\t\t\t<div class=\"elementor-element elementor-element-f469742 elementor-widget elementor-widget-heading\" data-id=\"f469742\" data-element_type=\"widget\" data-widget_type=\"heading.default\">\n\t\t\t\t<div class=\"elementor-widget-container\">\n\t\t\t\t\t<h2 class=\"elementor-heading-title elementor-size-default\">La solution ? L\u2019envoi d\u2019un VSI sur place<\/h2>\t\t\t\t<\/div>\n\t\t\t\t<\/div>\n\t\t\t\t<div class=\"elementor-element elementor-element-e8c257f elementor-widget elementor-widget-text-editor\" data-id=\"e8c257f\" data-element_type=\"widget\" data-widget_type=\"text-editor.default\">\n\t\t\t\t<div class=\"elementor-widget-container\">\n\t\t\t\t\t\t\t\t\t<p>Apr\u00e8s de fructueuses discussions entre L\u2019Appel et l\u2019association, l\u2019id\u00e9e d\u2019envoyer sur place un Volontaire de Solidarit\u00e9 Internationale (VSI) a germ\u00e9. Un VSI est une personne qualifi\u00e9e, envoy\u00e9e \u00e0 l\u2019\u00e9tranger pour une mission longue sur le terrain, structur\u00e9e et encadr\u00e9e.<\/p><p>A l\u2019\u00e9cole Nelson Mandela, le VSI sera l\u00e0 pour :<\/p><p>-Soutenir la direction<\/p><p>-Renforcer les liens avec la communaut\u00e9 pour faire conna\u00eetre l\u2019\u00e9cole<\/p><p>-Rendre visible l\u2019action \u00e9ducative aupr\u00e8s de nouveaux soutiens financiers locaux.<\/p><p>\u00a0<\/p><p style=\"text-align: center;\"><span style=\"text-decoration: underline;\"><strong>Souhaitons une belle r\u00e9ussite au VSI qui vient tout juste de d\u00e9buter sa mission\u00a0!<\/strong><\/span><\/p>\t\t\t\t\t\t\t\t<\/div>\n\t\t\t\t<\/div>\n\t\t\t\t\t<\/div>\n\t\t\t\t<\/div>\n\t\t\t\t<\/div>\n\t\t","protected":false},"excerpt":{"rendered":"<p>Un projet couronn\u00e9 de succ\u00e8s L\u2019\u00e9cole Nelson Mandela est l\u2019un des rares exemples d\u2019\u00e9cole associative au Congo. Face \u00e0 la d\u00e9gradation du syst\u00e8me scolaire public, les \u00e9coles priv\u00e9es fleurissent dans le pays, souvent guid\u00e9es par une logique commerciale. Cela a pour effet d\u2019emp\u00eacher l\u2019acc\u00e8s \u00e0 un enseignement de qualit\u00e9 pour les enfants les plus pauvres, [&hellip;]<\/p>\n","protected":false},"author":2,"featured_media":23553,"comment_status":"open","ping_status":"open","sticky":false,"template":"","format":"standard","meta":{"_acf_changed":false,"footnotes":""},"categories":[278],"tags":[],"class_list":["post-30063","post","type-post","status-publish","format-standard","has-post-thumbnail","hentry","category-education","entry"],"acf":[],"yoast_head":"<!-- This site is optimized with the Yoast SEO plugin v26.1 - https:\/\/yoast.com\/wordpress\/plugins\/seo\/ -->\n<title>Une VSI pour l\u2019autonomisation financi\u00e8re de l\u2019\u00e9cole Nelson Mandela au Congo - Association humanitaire L&#039;Appel et parrainages d&#039;enfants<\/title>\n<meta name=\"description\" content=\"Apr\u00e8s de fructueuses discussions entre L\u2019Appel et l\u2019association, l\u2019id\u00e9e d\u2019envoyer sur place un Volontaire de Solidarit\u00e9 Internationale (VSI)..\" \/>\n<meta name=\"robots\" content=\"noindex, follow, max-snippet:-1, max-image-preview:large, max-video-preview:-1\" \/>\n<meta property=\"og:locale\" content=\"fr_FR\" \/>\n<meta property=\"og:type\" content=\"article\" \/>\n<meta property=\"og:title\" content=\"Une VSI pour l\u2019autonomisation financi\u00e8re de l\u2019\u00e9cole Nelson Mandela au Congo - Association humanitaire L&#039;Appel et parrainages d&#039;enfants\" \/>\n<meta property=\"og:description\" content=\"Apr\u00e8s de fructueuses discussions entre L\u2019Appel et l\u2019association, l\u2019id\u00e9e d\u2019envoyer sur place un Volontaire de Solidarit\u00e9 Internationale (VSI)..\" \/>\n<meta property=\"og:url\" content=\"https:\/\/alteriade-clients.alwaysdata.net\/appel\/vsi-congo\/\" \/>\n<meta property=\"og:site_name\" content=\"Association humanitaire L&#039;Appel et parrainages d&#039;enfants\" \/>\n<meta property=\"article:published_time\" content=\"2025-09-09T12:47:58+00:00\" \/>\n<meta property=\"article:modified_time\" content=\"2025-09-09T13:22:18+00:00\" \/>\n<meta property=\"og:image\" content=\"https:\/\/alteriade-clients.alwaysdata.net\/appel\/wp-content\/uploads\/2025\/07\/CONGO-2019-Nelson-MANDELA-5-scaled.jpg\" \/>\n\t<meta property=\"og:image:width\" content=\"2560\" \/>\n\t<meta property=\"og:image:height\" content=\"1634\" \/>\n\t<meta property=\"og:image:type\" content=\"image\/jpeg\" \/>\n<meta name=\"author\" content=\"lappel-admin\" \/>\n<meta name=\"twitter:card\" content=\"summary_large_image\" \/>\n<meta name=\"twitter:label1\" content=\"\u00c9crit par\" \/>\n\t<meta name=\"twitter:data1\" content=\"lappel-admin\" \/>\n\t<meta name=\"twitter:label2\" content=\"Dur\u00e9e de lecture estim\u00e9e\" \/>\n\t<meta name=\"twitter:data2\" content=\"2 minutes\" \/>\n<script type=\"application\/ld+json\" class=\"yoast-schema-graph\">{\"@context\":\"https:\/\/schema.org\",\"@graph\":[{\"@type\":\"Article\",\"@id\":\"https:\/\/alteriade-clients.alwaysdata.net\/appel\/vsi-congo\/#article\",\"isPartOf\":{\"@id\":\"https:\/\/alteriade-clients.alwaysdata.net\/appel\/vsi-congo\/\"},\"author\":{\"name\":\"lappel-admin\",\"@id\":\"https:\/\/alteriade-clients.alwaysdata.net\/appel\/#\/schema\/person\/efe370d09084382ae2d7b977ba212e78\"},\"headline\":\"Une VSI pour l\u2019autonomisation financi\u00e8re de l\u2019\u00e9cole Nelson Mandela au Congo\",\"datePublished\":\"2025-09-09T12:47:58+00:00\",\"dateModified\":\"2025-09-09T13:22:18+00:00\",\"mainEntityOfPage\":{\"@id\":\"https:\/\/alteriade-clients.alwaysdata.net\/appel\/vsi-congo\/\"},\"wordCount\":379,\"commentCount\":0,\"publisher\":{\"@id\":\"https:\/\/alteriade-clients.alwaysdata.net\/appel\/#organization\"},\"image\":{\"@id\":\"https:\/\/alteriade-clients.alwaysdata.net\/appel\/vsi-congo\/#primaryimage\"},\"thumbnailUrl\":\"https:\/\/alteriade-clients.alwaysdata.net\/appel\/wp-content\/uploads\/2025\/07\/CONGO-2019-Nelson-MANDELA-5-scaled.jpg\",\"articleSection\":[\"\u00c9ducation\"],\"inLanguage\":\"fr-FR\"},{\"@type\":[\"WebPage\",\"ItemPage\"],\"@id\":\"https:\/\/alteriade-clients.alwaysdata.net\/appel\/vsi-congo\/\",\"url\":\"https:\/\/alteriade-clients.alwaysdata.net\/appel\/vsi-congo\/\",\"name\":\"Une VSI pour l\u2019autonomisation financi\u00e8re de l\u2019\u00e9cole Nelson Mandela au Congo - Association humanitaire L&#039;Appel et parrainages d&#039;enfants\",\"isPartOf\":{\"@id\":\"https:\/\/alteriade-clients.alwaysdata.net\/appel\/#website\"},\"primaryImageOfPage\":{\"@id\":\"https:\/\/alteriade-clients.alwaysdata.net\/appel\/vsi-congo\/#primaryimage\"},\"image\":{\"@id\":\"https:\/\/alteriade-clients.alwaysdata.net\/appel\/vsi-congo\/#primaryimage\"},\"thumbnailUrl\":\"https:\/\/alteriade-clients.alwaysdata.net\/appel\/wp-content\/uploads\/2025\/07\/CONGO-2019-Nelson-MANDELA-5-scaled.jpg\",\"datePublished\":\"2025-09-09T12:47:58+00:00\",\"dateModified\":\"2025-09-09T13:22:18+00:00\",\"description\":\"Apr\u00e8s de fructueuses discussions entre L\u2019Appel et l\u2019association, l\u2019id\u00e9e d\u2019envoyer sur place un Volontaire de Solidarit\u00e9 Internationale (VSI)..\",\"breadcrumb\":{\"@id\":\"https:\/\/alteriade-clients.alwaysdata.net\/appel\/vsi-congo\/#breadcrumb\"},\"inLanguage\":\"fr-FR\",\"potentialAction\":[{\"@type\":\"ReadAction\",\"target\":[\"https:\/\/alteriade-clients.alwaysdata.net\/appel\/vsi-congo\/\"]}]},{\"@type\":\"ImageObject\",\"inLanguage\":\"fr-FR\",\"@id\":\"https:\/\/alteriade-clients.alwaysdata.net\/appel\/vsi-congo\/#primaryimage\",\"url\":\"https:\/\/alteriade-clients.alwaysdata.net\/appel\/wp-content\/uploads\/2025\/07\/CONGO-2019-Nelson-MANDELA-5-scaled.jpg\",\"contentUrl\":\"https:\/\/alteriade-clients.alwaysdata.net\/appel\/wp-content\/uploads\/2025\/07\/CONGO-2019-Nelson-MANDELA-5-scaled.jpg\",\"width\":2560,\"height\":1634,\"caption\":\"congo-ecole-associative-parrainage\"},{\"@type\":\"BreadcrumbList\",\"@id\":\"https:\/\/alteriade-clients.alwaysdata.net\/appel\/vsi-congo\/#breadcrumb\",\"itemListElement\":[{\"@type\":\"ListItem\",\"position\":1,\"name\":\"Accueil\",\"item\":\"https:\/\/alteriade-clients.alwaysdata.net\/appel\/\"},{\"@type\":\"ListItem\",\"position\":2,\"name\":\"Une VSI pour l\u2019autonomisation financi\u00e8re de l\u2019\u00e9cole Nelson Mandela au Congo\"}]},{\"@type\":\"WebSite\",\"@id\":\"https:\/\/alteriade-clients.alwaysdata.net\/appel\/#website\",\"url\":\"https:\/\/alteriade-clients.alwaysdata.net\/appel\/\",\"name\":\"Association humanitaire l'Appel et parrainages d'enfants\",\"description\":\"Solidarit\u00e9 avec les enfants du monde\",\"publisher\":{\"@id\":\"https:\/\/alteriade-clients.alwaysdata.net\/appel\/#organization\"},\"alternateName\":\"L'Appel\",\"potentialAction\":[{\"@type\":\"SearchAction\",\"target\":{\"@type\":\"EntryPoint\",\"urlTemplate\":\"https:\/\/alteriade-clients.alwaysdata.net\/appel\/?s={search_term_string}\"},\"query-input\":{\"@type\":\"PropertyValueSpecification\",\"valueRequired\":true,\"valueName\":\"search_term_string\"}}],\"inLanguage\":\"fr-FR\"},{\"@type\":\"Organization\",\"@id\":\"https:\/\/alteriade-clients.alwaysdata.net\/appel\/#organization\",\"name\":\"Association humanitaire L'Appel et parrainages d'enfants\",\"url\":\"https:\/\/alteriade-clients.alwaysdata.net\/appel\/\",\"logo\":{\"@type\":\"ImageObject\",\"inLanguage\":\"fr-FR\",\"@id\":\"https:\/\/alteriade-clients.alwaysdata.net\/appel\/#\/schema\/logo\/image\/\",\"url\":\"https:\/\/alteriade-clients.alwaysdata.net\/appel\/wp-content\/uploads\/2020\/09\/Logo-web.png\",\"contentUrl\":\"https:\/\/alteriade-clients.alwaysdata.net\/appel\/wp-content\/uploads\/2020\/09\/Logo-web.png\",\"width\":1834,\"height\":1333,\"caption\":\"Association humanitaire L'Appel et parrainages d'enfants\"},\"image\":{\"@id\":\"https:\/\/alteriade-clients.alwaysdata.net\/appel\/#\/schema\/logo\/image\/\"}},{\"@type\":\"Person\",\"@id\":\"https:\/\/alteriade-clients.alwaysdata.net\/appel\/#\/schema\/person\/efe370d09084382ae2d7b977ba212e78\",\"name\":\"lappel-admin\"}]}<\/script>\n<!-- \/ Yoast SEO plugin. -->","yoast_head_json":{"title":"Une VSI pour l\u2019autonomisation financi\u00e8re de l\u2019\u00e9cole Nelson Mandela au Congo - Association humanitaire L&#039;Appel et parrainages d&#039;enfants","description":"Apr\u00e8s de fructueuses discussions entre L\u2019Appel et l\u2019association, l\u2019id\u00e9e d\u2019envoyer sur place un Volontaire de Solidarit\u00e9 Internationale (VSI)..","robots":{"index":"noindex","follow":"follow","max-snippet":"max-snippet:-1","max-image-preview":"max-image-preview:large","max-video-preview":"max-video-preview:-1"},"og_locale":"fr_FR","og_type":"article","og_title":"Une VSI pour l\u2019autonomisation financi\u00e8re de l\u2019\u00e9cole Nelson Mandela au Congo - Association humanitaire L&#039;Appel et parrainages d&#039;enfants","og_description":"Apr\u00e8s de fructueuses discussions entre L\u2019Appel et l\u2019association, l\u2019id\u00e9e d\u2019envoyer sur place un Volontaire de Solidarit\u00e9 Internationale (VSI)..","og_url":"https:\/\/alteriade-clients.alwaysdata.net\/appel\/vsi-congo\/","og_site_name":"Association humanitaire L&#039;Appel et parrainages d&#039;enfants","article_published_time":"2025-09-09T12:47:58+00:00","article_modified_time":"2025-09-09T13:22:18+00:00","og_image":[{"width":2560,"height":1634,"url":"https:\/\/alteriade-clients.alwaysdata.net\/appel\/wp-content\/uploads\/2025\/07\/CONGO-2019-Nelson-MANDELA-5-scaled.jpg","type":"image\/jpeg"}],"author":"lappel-admin","twitter_card":"summary_large_image","twitter_misc":{"\u00c9crit par":"lappel-admin","Dur\u00e9e de lecture estim\u00e9e":"2 minutes"},"schema":{"@context":"https:\/\/schema.org","@graph":[{"@type":"Article","@id":"https:\/\/alteriade-clients.alwaysdata.net\/appel\/vsi-congo\/#article","isPartOf":{"@id":"https:\/\/alteriade-clients.alwaysdata.net\/appel\/vsi-congo\/"},"author":{"name":"lappel-admin","@id":"https:\/\/alteriade-clients.alwaysdata.net\/appel\/#\/schema\/person\/efe370d09084382ae2d7b977ba212e78"},"headline":"Une VSI pour l\u2019autonomisation financi\u00e8re de l\u2019\u00e9cole Nelson Mandela au Congo","datePublished":"2025-09-09T12:47:58+00:00","dateModified":"2025-09-09T13:22:18+00:00","mainEntityOfPage":{"@id":"https:\/\/alteriade-clients.alwaysdata.net\/appel\/vsi-congo\/"},"wordCount":379,"commentCount":0,"publisher":{"@id":"https:\/\/alteriade-clients.alwaysdata.net\/appel\/#organization"},"image":{"@id":"https:\/\/alteriade-clients.alwaysdata.net\/appel\/vsi-congo\/#primaryimage"},"thumbnailUrl":"https:\/\/alteriade-clients.alwaysdata.net\/appel\/wp-content\/uploads\/2025\/07\/CONGO-2019-Nelson-MANDELA-5-scaled.jpg","articleSection":["\u00c9ducation"],"inLanguage":"fr-FR"},{"@type":["WebPage","ItemPage"],"@id":"https:\/\/alteriade-clients.alwaysdata.net\/appel\/vsi-congo\/","url":"https:\/\/alteriade-clients.alwaysdata.net\/appel\/vsi-congo\/","name":"Une VSI pour l\u2019autonomisation financi\u00e8re de l\u2019\u00e9cole Nelson Mandela au Congo - Association humanitaire L&#039;Appel et parrainages d&#039;enfants","isPartOf":{"@id":"https:\/\/alteriade-clients.alwaysdata.net\/appel\/#website"},"primaryImageOfPage":{"@id":"https:\/\/alteriade-clients.alwaysdata.net\/appel\/vsi-congo\/#primaryimage"},"image":{"@id":"https:\/\/alteriade-clients.alwaysdata.net\/appel\/vsi-congo\/#primaryimage"},"thumbnailUrl":"https:\/\/alteriade-clients.alwaysdata.net\/appel\/wp-content\/uploads\/2025\/07\/CONGO-2019-Nelson-MANDELA-5-scaled.jpg","datePublished":"2025-09-09T12:47:58+00:00","dateModified":"2025-09-09T13:22:18+00:00","description":"Apr\u00e8s de fructueuses discussions entre L\u2019Appel et l\u2019association, l\u2019id\u00e9e d\u2019envoyer sur place un Volontaire de Solidarit\u00e9 Internationale (VSI)..","breadcrumb":{"@id":"https:\/\/alteriade-clients.alwaysdata.net\/appel\/vsi-congo\/#breadcrumb"},"inLanguage":"fr-FR","potentialAction":[{"@type":"ReadAction","target":["https:\/\/alteriade-clients.alwaysdata.net\/appel\/vsi-congo\/"]}]},{"@type":"ImageObject","inLanguage":"fr-FR","@id":"https:\/\/alteriade-clients.alwaysdata.net\/appel\/vsi-congo\/#primaryimage","url":"https:\/\/alteriade-clients.alwaysdata.net\/appel\/wp-content\/uploads\/2025\/07\/CONGO-2019-Nelson-MANDELA-5-scaled.jpg","contentUrl":"https:\/\/alteriade-clients.alwaysdata.net\/appel\/wp-content\/uploads\/2025\/07\/CONGO-2019-Nelson-MANDELA-5-scaled.jpg","width":2560,"height":1634,"caption":"congo-ecole-associative-parrainage"},{"@type":"BreadcrumbList","@id":"https:\/\/alteriade-clients.alwaysdata.net\/appel\/vsi-congo\/#breadcrumb","itemListElement":[{"@type":"ListItem","position":1,"name":"Accueil","item":"https:\/\/alteriade-clients.alwaysdata.net\/appel\/"},{"@type":"ListItem","position":2,"name":"Une VSI pour l\u2019autonomisation financi\u00e8re de l\u2019\u00e9cole Nelson Mandela au Congo"}]},{"@type":"WebSite","@id":"https:\/\/alteriade-clients.alwaysdata.net\/appel\/#website","url":"https:\/\/alteriade-clients.alwaysdata.net\/appel\/","name":"Association humanitaire l'Appel et parrainages d'enfants","description":"Solidarit\u00e9 avec les enfants du monde","publisher":{"@id":"https:\/\/alteriade-clients.alwaysdata.net\/appel\/#organization"},"alternateName":"L'Appel","potentialAction":[{"@type":"SearchAction","target":{"@type":"EntryPoint","urlTemplate":"https:\/\/alteriade-clients.alwaysdata.net\/appel\/?s={search_term_string}"},"query-input":{"@type":"PropertyValueSpecification","valueRequired":true,"valueName":"search_term_string"}}],"inLanguage":"fr-FR"},{"@type":"Organization","@id":"https:\/\/alteriade-clients.alwaysdata.net\/appel\/#organization","name":"Association humanitaire L'Appel et parrainages d'enfants","url":"https:\/\/alteriade-clients.alwaysdata.net\/appel\/","logo":{"@type":"ImageObject","inLanguage":"fr-FR","@id":"https:\/\/alteriade-clients.alwaysdata.net\/appel\/#\/schema\/logo\/image\/","url":"https:\/\/alteriade-clients.alwaysdata.net\/appel\/wp-content\/uploads\/2020\/09\/Logo-web.png","contentUrl":"https:\/\/alteriade-clients.alwaysdata.net\/appel\/wp-content\/uploads\/2020\/09\/Logo-web.png","width":1834,"height":1333,"caption":"Association humanitaire L'Appel et parrainages d'enfants"},"image":{"@id":"https:\/\/alteriade-clients.alwaysdata.net\/appel\/#\/schema\/logo\/image\/"}},{"@type":"Person","@id":"https:\/\/alteriade-clients.alwaysdata.net\/appel\/#\/schema\/person\/efe370d09084382ae2d7b977ba212e78","name":"lappel-admin"}]}},"_links":{"self":[{"href":"https:\/\/alteriade-clients.alwaysdata.net\/appel\/wp-json\/wp\/v2\/posts\/30063","targetHints":{"allow":["GET"]}}],"collection":[{"href":"https:\/\/alteriade-clients.alwaysdata.net\/appel\/wp-json\/wp\/v2\/posts"}],"about":[{"href":"https:\/\/alteriade-clients.alwaysdata.net\/appel\/wp-json\/wp\/v2\/types\/post"}],"author":[{"embeddable":true,"href":"https:\/\/alteriade-clients.alwaysdata.net\/appel\/wp-json\/wp\/v2\/users\/2"}],"replies":[{"embeddable":true,"href":"https:\/\/alteriade-clients.alwaysdata.net\/appel\/wp-json\/wp\/v2\/comments?post=30063"}],"version-history":[{"count":12,"href":"https:\/\/alteriade-clients.alwaysdata.net\/appel\/wp-json\/wp\/v2\/posts\/30063\/revisions"}],"predecessor-version":[{"id":30079,"href":"https:\/\/alteriade-clients.alwaysdata.net\/appel\/wp-json\/wp\/v2\/posts\/30063\/revisions\/30079"}],"wp:featuredmedia":[{"embeddable":true,"href":"https:\/\/alteriade-clients.alwaysdata.net\/appel\/wp-json\/wp\/v2\/media\/23553"}],"wp:attachment":[{"href":"https:\/\/alteriade-clients.alwaysdata.net\/appel\/wp-json\/wp\/v2\/media?parent=30063"}],"wp:term":[{"taxonomy":"category","embeddable":true,"href":"https:\/\/alteriade-clients.alwaysdata.net\/appel\/wp-json\/wp\/v2\/categories?post=30063"},{"taxonomy":"post_tag","embeddable":true,"href":"https:\/\/alteriade-clients.alwaysdata.net\/appel\/wp-json\/wp\/v2\/tags?post=30063"}],"curies":[{"name":"wp","href":"https:\/\/api.w.org\/{rel}","templated":true}]}}