{"id":28487,"date":"2022-11-08T10:45:00","date_gmt":"2022-11-08T09:45:00","guid":{"rendered":"https:\/\/alteriade-clients.alwaysdata.net\/appel\/?p=28487"},"modified":"2025-09-12T10:54:17","modified_gmt":"2025-09-12T08:54:17","slug":"filleul-vietnam","status":"publish","type":"post","link":"https:\/\/alteriade-clients.alwaysdata.net\/appel\/filleul-vietnam\/","title":{"rendered":"T\u00e9moignage filleul vietnamien : Dao Duc Quang"},"content":{"rendered":"\t\t<div data-elementor-type=\"wp-post\" data-elementor-id=\"28487\" class=\"elementor elementor-28487\" data-elementor-post-type=\"post\">\n\t\t\t\t<div class=\"has_eae_slider elementor-element elementor-element-b0a4593 e-flex e-con-boxed e-con e-parent\" data-eae-slider=\"3904\" data-id=\"b0a4593\" data-element_type=\"container\">\n\t\t\t\t\t<div class=\"e-con-inner\">\n\t\t\t\t<div class=\"elementor-element elementor-element-151243f elementor-widget elementor-widget-text-editor\" data-id=\"151243f\" data-element_type=\"widget\" data-widget_type=\"text-editor.default\">\n\t\t\t\t<div class=\"elementor-widget-container\">\n\t\t\t\t\t\t\t\t\t<p>Premier pays d\u2019intervention de L\u2019Appel d\u00e8s 1969, le Vietnam conna\u00eet aujourd\u2019hui la croissance et pourrait \u00e9chapper \u00e0 la r\u00e9cession mondiale. Les in\u00e9galit\u00e9s sociales et r\u00e9gionales sont toutefois fortes et les conditions de vie demeurent difficiles.<\/p>\t\t\t\t\t\t\t\t<\/div>\n\t\t\t\t<\/div>\n\t\t\t\t\t<\/div>\n\t\t\t\t<\/div>\n\t\t<div class=\"has_eae_slider elementor-element elementor-element-9a68b62 e-flex e-con-boxed e-con e-parent\" data-eae-slider=\"13720\" data-id=\"9a68b62\" data-element_type=\"container\">\n\t\t\t\t\t<div class=\"e-con-inner\">\n\t\t\t\t<div class=\"elementor-element elementor-element-4a218f2 elementor-widget elementor-widget-heading\" data-id=\"4a218f2\" data-element_type=\"widget\" data-widget_type=\"heading.default\">\n\t\t\t\t<div class=\"elementor-widget-container\">\n\t\t\t\t\t<h2 class=\"elementor-heading-title elementor-size-default\">Chapeau bas !<\/h2>\t\t\t\t<\/div>\n\t\t\t\t<\/div>\n\t\t\t\t\t<\/div>\n\t\t\t\t<\/div>\n\t\t<div class=\"has_eae_slider elementor-element elementor-element-f211aa6 e-flex e-con-boxed e-con e-parent\" data-eae-slider=\"64592\" data-id=\"f211aa6\" data-element_type=\"container\">\n\t\t\t\t\t<div class=\"e-con-inner\">\n\t\t\t\t<div class=\"elementor-element elementor-element-98b13fc elementor-widget elementor-widget-text-editor\" data-id=\"98b13fc\" data-element_type=\"widget\" data-widget_type=\"text-editor.default\">\n\t\t\t\t<div class=\"elementor-widget-container\">\n\t\t\t\t\t\t\t\t\t<p>Dao Duc Quang est un jeune vietnamien de 24 ans, un de nos filleuls, qui a mis tout en \u0153uvre pour atteindre \u00ab le m\u00e9tier de ses r\u00eaves \u00bb : m\u00e9decin. Originaire de Dalat, situ\u00e9e sur les hauts plateaux du centre du Vietnam, il est d\u2019abord entr\u00e9 dans une \u00e9cole d\u2019infirmier de la capitale puis il a r\u00e9ussi \u00e0 int\u00e9grer en 2018 la facult\u00e9 de m\u00e9decine d\u2019H\u00f4 Chi Minh Ville. En 2022 il a obtenu son dipl\u00f4me. Aujourd\u2019hui, la sp\u00e9cialit\u00e9 de m\u00e9decine interne est \u00e0 sa port\u00e9e et nous continuons de l\u2019\u00e9pauler. Quand nous avons rencontr\u00e9 Dao Duc Quang, en 2018, il vivait alors en colocation avec quatre autres \u00e9tudiants et donnait des cours particuliers de chimie. Nous savions que la vie quotidienne dans la ville, les livres et les polycopi\u00e9s pour les \u00e9tudes co\u00fbtent cher. Nous l\u2019avons soutenu pendant ses ann\u00e9es postbac alors que le co\u00fbt des \u00e9tudes est d\u2019environ 500\u20ac \/an\u2026 Il a fallu \u00e0 ce jeune homme brillant une volont\u00e9 de fer. Son p\u00e8re est aide-ma\u00e7on, il gagne environ 120 \u20ac \/mois. Sa m\u00e8re ne peut plus travailler car elle est malade. Dao Duc Quang a b\u00e9n\u00e9fici\u00e9 de notre programme de parrainages collectifs qui permet aux \u00e9tudiants de recevoir une bourse de 32 \u00e0 40 \u20ac mensuels selon leur lieu d\u2019\u00e9tudes.<\/p>\t\t\t\t\t\t\t\t<\/div>\n\t\t\t\t<\/div>\n\t\t\t\t\t<\/div>\n\t\t\t\t<\/div>\n\t\t<div class=\"has_eae_slider elementor-element elementor-element-e53367b e-flex e-con-boxed e-con e-parent\" data-eae-slider=\"63259\" data-id=\"e53367b\" data-element_type=\"container\">\n\t\t\t\t\t<div class=\"e-con-inner\">\n\t\t\t\t<div class=\"elementor-element elementor-element-4951fc3 elementor-widget elementor-widget-heading\" data-id=\"4951fc3\" data-element_type=\"widget\" data-widget_type=\"heading.default\">\n\t\t\t\t<div class=\"elementor-widget-container\">\n\t\t\t\t\t<h2 class=\"elementor-heading-title elementor-size-default\">Il continue ? Alors nous aussi<\/h2>\t\t\t\t<\/div>\n\t\t\t\t<\/div>\n\t\t\t\t\t<\/div>\n\t\t\t\t<\/div>\n\t\t<div class=\"has_eae_slider elementor-element elementor-element-1a066d6 e-flex e-con-boxed e-con e-parent\" data-eae-slider=\"54310\" data-id=\"1a066d6\" data-element_type=\"container\">\n\t\t\t\t\t<div class=\"e-con-inner\">\n\t\t\t\t<div class=\"elementor-element elementor-element-6654e07 elementor-widget elementor-widget-text-editor\" data-id=\"6654e07\" data-element_type=\"widget\" data-widget_type=\"text-editor.default\">\n\t\t\t\t<div class=\"elementor-widget-container\">\n\t\t\t\t\t\t\t\t\t<p>Dao Duc Quang d\u00e9sire maintenant se sp\u00e9cialiser en m\u00e9decine interne et continue afin de passer prochainement le concours d\u2019entr\u00e9e dans cette sp\u00e9cialit\u00e9. S\u2019il \u00e9choue, il est assez confiant car l\u2019Universit\u00e9 des sciences m\u00e9dicales d\u2019H\u00f4 Chi Minh Ville <br \/>est bien cot\u00e9e. S\u2019il r\u00e9ussit, il fera encore trois ann\u00e9es d\u2019\u00e9tude dans la m\u00eame facult\u00e9. Et nous l\u2019accompagnerons. <br \/>Aujourd\u2019hui, notre programme de parrainage pour les \u00e9tudiants du Vietnam compte quarante donateurs, nous permettant en 2022 de soutenir la scolarit\u00e9 de vingt-sept \u00e9tudiants dont onze \u201cmontagnards\u201c.<\/p><p><strong>Ils ont besoin de vous et vous remercient !<\/strong><\/p>\t\t\t\t\t\t\t\t<\/div>\n\t\t\t\t<\/div>\n\t\t\t\t\t<\/div>\n\t\t\t\t<\/div>\n\t\t<div class=\"has_eae_slider elementor-element elementor-element-cf1f316 e-flex e-con-boxed e-con e-parent\" data-eae-slider=\"57203\" data-id=\"cf1f316\" data-element_type=\"container\">\n\t\t\t\t\t<div class=\"e-con-inner\">\n\t\t\t\t<div class=\"elementor-element elementor-element-f92f1a1 elementor-widget elementor-widget-heading\" data-id=\"f92f1a1\" data-element_type=\"widget\" data-widget_type=\"heading.default\">\n\t\t\t\t<div class=\"elementor-widget-container\">\n\t\t\t\t\t<h3 class=\"elementor-heading-title elementor-size-default\">\"Je m\u2019appelle Dao Duc Quang, j\u2019ai eu de la chance et l\u2019honneur de recevoir la bourse \nde L\u2019Appel pendant mes six ann\u00e9es d\u2019\u00e9tudes \u00e0 l\u2019Universit\u00e9.\nJe vais passer l\u2019examen de sortie dans une semaine et je terminerai alors officiellement mes \n\u00e9tudes pour exercer le m\u00e9tier de m\u00e9decin. C\u2019est le m\u00e9tier de mes r\u00eaves. \nTous les mois, j\u2019ai re\u00e7u de votre part une somme d\u2019argent tr\u00e8s importante qui m\u2019a permis \nd\u2019avoir une assurance pour \u00e9tudier plut\u00f4t que de me soucier de v\u00eatements, de nourriture et \nde la vie quotidienne.\nJe vais continuer \u00e0 me former pour devenir un bon m\u00e9decin afin de remercier tous ceux qui \nm\u2019ont aid\u00e9 dans mes \u00e9tudes.\"<\/h3>\t\t\t\t<\/div>\n\t\t\t\t<\/div>\n\t\t\t\t\t<\/div>\n\t\t\t\t<\/div>\n\t\t<div class=\"has_eae_slider elementor-element elementor-element-38a900e e-flex e-con-boxed e-con e-parent\" data-eae-slider=\"31672\" data-id=\"38a900e\" data-element_type=\"container\">\n\t\t\t\t\t<div class=\"e-con-inner\">\n\t\t\t\t<div class=\"elementor-element elementor-element-e510c13 elementor-widget elementor-widget-text-editor\" data-id=\"e510c13\" data-element_type=\"widget\" data-widget_type=\"text-editor.default\">\n\t\t\t\t<div class=\"elementor-widget-container\">\n\t\t\t\t\t\t\t\t\t<h3 class=\"elementor-heading-title elementor-size-default elementor-inline-editing pen\" style=\"font-weight: 400; line-height: 35px; color: #000000; margin-top: 24px; font-size: 18px; font-family: 'Source Sans Pro', sans-serif; max-width: 100%; letter-spacing: 1px; text-align: center;\" data-elementor-setting-key=\"title\" data-pen-placeholder=\"\u00c9crivez ici...\"><strong>Dao Duac Quang<\/strong><\/h3>\t\t\t\t\t\t\t\t<\/div>\n\t\t\t\t<\/div>\n\t\t\t\t\t<\/div>\n\t\t\t\t<\/div>\n\t\t\t\t<\/div>\n\t\t","protected":false},"excerpt":{"rendered":"<p>Premier pays d\u2019intervention de L\u2019Appel d\u00e8s 1969, le Vietnam conna\u00eet aujourd\u2019hui la croissance et pourrait \u00e9chapper \u00e0 la r\u00e9cession mondiale. Les in\u00e9galit\u00e9s sociales et r\u00e9gionales sont toutefois fortes et les conditions de vie demeurent difficiles. Chapeau bas ! Dao Duc Quang est un jeune vietnamien de 24 ans, un de nos filleuls, qui a mis [&hellip;]<\/p>\n","protected":false},"author":2,"featured_media":28486,"comment_status":"open","ping_status":"open","sticky":false,"template":"","format":"standard","meta":{"_acf_changed":false,"footnotes":""},"categories":[278],"tags":[],"class_list":["post-28487","post","type-post","status-publish","format-standard","has-post-thumbnail","hentry","category-education","entry"],"acf":[],"yoast_head":"<!-- This site is optimized with the Yoast SEO plugin v26.1 - https:\/\/yoast.com\/wordpress\/plugins\/seo\/ -->\n<title>T\u00e9moignage filleul vietnamien : Dao Duc Quang - Association humanitaire L&#039;Appel et parrainages d&#039;enfants<\/title>\n<meta name=\"description\" content=\"Dao Duc Quang, filleul vietnamien pendant 6 ans suit des \u00e9tudes de m\u00e9decine pour r\u00e9aliser son r\u00eave. Gr\u00e2ce aux ...\" \/>\n<meta name=\"robots\" content=\"noindex, follow, max-snippet:-1, max-image-preview:large, max-video-preview:-1\" \/>\n<meta property=\"og:locale\" content=\"fr_FR\" \/>\n<meta property=\"og:type\" content=\"article\" \/>\n<meta property=\"og:title\" content=\"T\u00e9moignage filleul vietnamien : Dao Duc Quang - Association humanitaire L&#039;Appel et parrainages d&#039;enfants\" \/>\n<meta property=\"og:description\" content=\"Dao Duc Quang, filleul vietnamien pendant 6 ans suit des \u00e9tudes de m\u00e9decine pour r\u00e9aliser son r\u00eave. Gr\u00e2ce aux ...\" \/>\n<meta property=\"og:url\" content=\"https:\/\/alteriade-clients.alwaysdata.net\/appel\/filleul-vietnam\/\" \/>\n<meta property=\"og:site_name\" content=\"Association humanitaire L&#039;Appel et parrainages d&#039;enfants\" \/>\n<meta property=\"article:published_time\" content=\"2022-11-08T09:45:00+00:00\" \/>\n<meta property=\"article:modified_time\" content=\"2025-09-12T08:54:17+00:00\" \/>\n<meta property=\"og:image\" content=\"https:\/\/alteriade-clients.alwaysdata.net\/appel\/wp-content\/uploads\/2025\/07\/parrainage_vietnam-1.png\" \/>\n\t<meta property=\"og:image:width\" content=\"407\" \/>\n\t<meta property=\"og:image:height\" content=\"535\" \/>\n\t<meta property=\"og:image:type\" content=\"image\/png\" \/>\n<meta name=\"author\" content=\"lappel-admin\" \/>\n<meta name=\"twitter:card\" content=\"summary_large_image\" \/>\n<meta name=\"twitter:label1\" content=\"\u00c9crit par\" \/>\n\t<meta name=\"twitter:data1\" content=\"lappel-admin\" \/>\n\t<meta name=\"twitter:label2\" content=\"Dur\u00e9e de lecture estim\u00e9e\" \/>\n\t<meta name=\"twitter:data2\" content=\"3 minutes\" \/>\n<script type=\"application\/ld+json\" class=\"yoast-schema-graph\">{\"@context\":\"https:\/\/schema.org\",\"@graph\":[{\"@type\":\"Article\",\"@id\":\"https:\/\/alteriade-clients.alwaysdata.net\/appel\/filleul-vietnam\/#article\",\"isPartOf\":{\"@id\":\"https:\/\/alteriade-clients.alwaysdata.net\/appel\/filleul-vietnam\/\"},\"author\":{\"name\":\"lappel-admin\",\"@id\":\"https:\/\/alteriade-clients.alwaysdata.net\/appel\/#\/schema\/person\/efe370d09084382ae2d7b977ba212e78\"},\"headline\":\"T\u00e9moignage filleul vietnamien : Dao Duc Quang\",\"datePublished\":\"2022-11-08T09:45:00+00:00\",\"dateModified\":\"2025-09-12T08:54:17+00:00\",\"mainEntityOfPage\":{\"@id\":\"https:\/\/alteriade-clients.alwaysdata.net\/appel\/filleul-vietnam\/\"},\"wordCount\":522,\"commentCount\":0,\"publisher\":{\"@id\":\"https:\/\/alteriade-clients.alwaysdata.net\/appel\/#organization\"},\"image\":{\"@id\":\"https:\/\/alteriade-clients.alwaysdata.net\/appel\/filleul-vietnam\/#primaryimage\"},\"thumbnailUrl\":\"https:\/\/alteriade-clients.alwaysdata.net\/appel\/wp-content\/uploads\/2025\/07\/parrainage_vietnam-1.png\",\"articleSection\":[\"\u00c9ducation\"],\"inLanguage\":\"fr-FR\"},{\"@type\":[\"WebPage\",\"ItemPage\"],\"@id\":\"https:\/\/alteriade-clients.alwaysdata.net\/appel\/filleul-vietnam\/\",\"url\":\"https:\/\/alteriade-clients.alwaysdata.net\/appel\/filleul-vietnam\/\",\"name\":\"T\u00e9moignage filleul vietnamien : Dao Duc Quang - Association humanitaire L&#039;Appel et parrainages d&#039;enfants\",\"isPartOf\":{\"@id\":\"https:\/\/alteriade-clients.alwaysdata.net\/appel\/#website\"},\"primaryImageOfPage\":{\"@id\":\"https:\/\/alteriade-clients.alwaysdata.net\/appel\/filleul-vietnam\/#primaryimage\"},\"image\":{\"@id\":\"https:\/\/alteriade-clients.alwaysdata.net\/appel\/filleul-vietnam\/#primaryimage\"},\"thumbnailUrl\":\"https:\/\/alteriade-clients.alwaysdata.net\/appel\/wp-content\/uploads\/2025\/07\/parrainage_vietnam-1.png\",\"datePublished\":\"2022-11-08T09:45:00+00:00\",\"dateModified\":\"2025-09-12T08:54:17+00:00\",\"description\":\"Dao Duc Quang, filleul vietnamien pendant 6 ans suit des \u00e9tudes de m\u00e9decine pour r\u00e9aliser son r\u00eave. Gr\u00e2ce aux ...\",\"breadcrumb\":{\"@id\":\"https:\/\/alteriade-clients.alwaysdata.net\/appel\/filleul-vietnam\/#breadcrumb\"},\"inLanguage\":\"fr-FR\",\"potentialAction\":[{\"@type\":\"ReadAction\",\"target\":[\"https:\/\/alteriade-clients.alwaysdata.net\/appel\/filleul-vietnam\/\"]}]},{\"@type\":\"ImageObject\",\"inLanguage\":\"fr-FR\",\"@id\":\"https:\/\/alteriade-clients.alwaysdata.net\/appel\/filleul-vietnam\/#primaryimage\",\"url\":\"https:\/\/alteriade-clients.alwaysdata.net\/appel\/wp-content\/uploads\/2025\/07\/parrainage_vietnam-1.png\",\"contentUrl\":\"https:\/\/alteriade-clients.alwaysdata.net\/appel\/wp-content\/uploads\/2025\/07\/parrainage_vietnam-1.png\",\"width\":407,\"height\":535,\"caption\":\"filleul-vietnam-parrainage-parrainer-un-enfant\"},{\"@type\":\"BreadcrumbList\",\"@id\":\"https:\/\/alteriade-clients.alwaysdata.net\/appel\/filleul-vietnam\/#breadcrumb\",\"itemListElement\":[{\"@type\":\"ListItem\",\"position\":1,\"name\":\"Accueil\",\"item\":\"https:\/\/alteriade-clients.alwaysdata.net\/appel\/\"},{\"@type\":\"ListItem\",\"position\":2,\"name\":\"T\u00e9moignage filleul vietnamien : Dao Duc Quang\"}]},{\"@type\":\"WebSite\",\"@id\":\"https:\/\/alteriade-clients.alwaysdata.net\/appel\/#website\",\"url\":\"https:\/\/alteriade-clients.alwaysdata.net\/appel\/\",\"name\":\"Association humanitaire l'Appel et parrainages d'enfants\",\"description\":\"Solidarit\u00e9 avec les enfants du monde\",\"publisher\":{\"@id\":\"https:\/\/alteriade-clients.alwaysdata.net\/appel\/#organization\"},\"alternateName\":\"L'Appel\",\"potentialAction\":[{\"@type\":\"SearchAction\",\"target\":{\"@type\":\"EntryPoint\",\"urlTemplate\":\"https:\/\/alteriade-clients.alwaysdata.net\/appel\/?s={search_term_string}\"},\"query-input\":{\"@type\":\"PropertyValueSpecification\",\"valueRequired\":true,\"valueName\":\"search_term_string\"}}],\"inLanguage\":\"fr-FR\"},{\"@type\":\"Organization\",\"@id\":\"https:\/\/alteriade-clients.alwaysdata.net\/appel\/#organization\",\"name\":\"Association humanitaire L'Appel et parrainages d'enfants\",\"url\":\"https:\/\/alteriade-clients.alwaysdata.net\/appel\/\",\"logo\":{\"@type\":\"ImageObject\",\"inLanguage\":\"fr-FR\",\"@id\":\"https:\/\/alteriade-clients.alwaysdata.net\/appel\/#\/schema\/logo\/image\/\",\"url\":\"https:\/\/alteriade-clients.alwaysdata.net\/appel\/wp-content\/uploads\/2020\/09\/Logo-web.png\",\"contentUrl\":\"https:\/\/alteriade-clients.alwaysdata.net\/appel\/wp-content\/uploads\/2020\/09\/Logo-web.png\",\"width\":1834,\"height\":1333,\"caption\":\"Association humanitaire L'Appel et parrainages d'enfants\"},\"image\":{\"@id\":\"https:\/\/alteriade-clients.alwaysdata.net\/appel\/#\/schema\/logo\/image\/\"}},{\"@type\":\"Person\",\"@id\":\"https:\/\/alteriade-clients.alwaysdata.net\/appel\/#\/schema\/person\/efe370d09084382ae2d7b977ba212e78\",\"name\":\"lappel-admin\"}]}<\/script>\n<!-- \/ Yoast SEO plugin. -->","yoast_head_json":{"title":"T\u00e9moignage filleul vietnamien : Dao Duc Quang - Association humanitaire L&#039;Appel et parrainages d&#039;enfants","description":"Dao Duc Quang, filleul vietnamien pendant 6 ans suit des \u00e9tudes de m\u00e9decine pour r\u00e9aliser son r\u00eave. Gr\u00e2ce aux ...","robots":{"index":"noindex","follow":"follow","max-snippet":"max-snippet:-1","max-image-preview":"max-image-preview:large","max-video-preview":"max-video-preview:-1"},"og_locale":"fr_FR","og_type":"article","og_title":"T\u00e9moignage filleul vietnamien : Dao Duc Quang - Association humanitaire L&#039;Appel et parrainages d&#039;enfants","og_description":"Dao Duc Quang, filleul vietnamien pendant 6 ans suit des \u00e9tudes de m\u00e9decine pour r\u00e9aliser son r\u00eave. Gr\u00e2ce aux ...","og_url":"https:\/\/alteriade-clients.alwaysdata.net\/appel\/filleul-vietnam\/","og_site_name":"Association humanitaire L&#039;Appel et parrainages d&#039;enfants","article_published_time":"2022-11-08T09:45:00+00:00","article_modified_time":"2025-09-12T08:54:17+00:00","og_image":[{"width":407,"height":535,"url":"https:\/\/alteriade-clients.alwaysdata.net\/appel\/wp-content\/uploads\/2025\/07\/parrainage_vietnam-1.png","type":"image\/png"}],"author":"lappel-admin","twitter_card":"summary_large_image","twitter_misc":{"\u00c9crit par":"lappel-admin","Dur\u00e9e de lecture estim\u00e9e":"3 minutes"},"schema":{"@context":"https:\/\/schema.org","@graph":[{"@type":"Article","@id":"https:\/\/alteriade-clients.alwaysdata.net\/appel\/filleul-vietnam\/#article","isPartOf":{"@id":"https:\/\/alteriade-clients.alwaysdata.net\/appel\/filleul-vietnam\/"},"author":{"name":"lappel-admin","@id":"https:\/\/alteriade-clients.alwaysdata.net\/appel\/#\/schema\/person\/efe370d09084382ae2d7b977ba212e78"},"headline":"T\u00e9moignage filleul vietnamien : Dao Duc Quang","datePublished":"2022-11-08T09:45:00+00:00","dateModified":"2025-09-12T08:54:17+00:00","mainEntityOfPage":{"@id":"https:\/\/alteriade-clients.alwaysdata.net\/appel\/filleul-vietnam\/"},"wordCount":522,"commentCount":0,"publisher":{"@id":"https:\/\/alteriade-clients.alwaysdata.net\/appel\/#organization"},"image":{"@id":"https:\/\/alteriade-clients.alwaysdata.net\/appel\/filleul-vietnam\/#primaryimage"},"thumbnailUrl":"https:\/\/alteriade-clients.alwaysdata.net\/appel\/wp-content\/uploads\/2025\/07\/parrainage_vietnam-1.png","articleSection":["\u00c9ducation"],"inLanguage":"fr-FR"},{"@type":["WebPage","ItemPage"],"@id":"https:\/\/alteriade-clients.alwaysdata.net\/appel\/filleul-vietnam\/","url":"https:\/\/alteriade-clients.alwaysdata.net\/appel\/filleul-vietnam\/","name":"T\u00e9moignage filleul vietnamien : Dao Duc Quang - Association humanitaire L&#039;Appel et parrainages d&#039;enfants","isPartOf":{"@id":"https:\/\/alteriade-clients.alwaysdata.net\/appel\/#website"},"primaryImageOfPage":{"@id":"https:\/\/alteriade-clients.alwaysdata.net\/appel\/filleul-vietnam\/#primaryimage"},"image":{"@id":"https:\/\/alteriade-clients.alwaysdata.net\/appel\/filleul-vietnam\/#primaryimage"},"thumbnailUrl":"https:\/\/alteriade-clients.alwaysdata.net\/appel\/wp-content\/uploads\/2025\/07\/parrainage_vietnam-1.png","datePublished":"2022-11-08T09:45:00+00:00","dateModified":"2025-09-12T08:54:17+00:00","description":"Dao Duc Quang, filleul vietnamien pendant 6 ans suit des \u00e9tudes de m\u00e9decine pour r\u00e9aliser son r\u00eave. Gr\u00e2ce aux ...","breadcrumb":{"@id":"https:\/\/alteriade-clients.alwaysdata.net\/appel\/filleul-vietnam\/#breadcrumb"},"inLanguage":"fr-FR","potentialAction":[{"@type":"ReadAction","target":["https:\/\/alteriade-clients.alwaysdata.net\/appel\/filleul-vietnam\/"]}]},{"@type":"ImageObject","inLanguage":"fr-FR","@id":"https:\/\/alteriade-clients.alwaysdata.net\/appel\/filleul-vietnam\/#primaryimage","url":"https:\/\/alteriade-clients.alwaysdata.net\/appel\/wp-content\/uploads\/2025\/07\/parrainage_vietnam-1.png","contentUrl":"https:\/\/alteriade-clients.alwaysdata.net\/appel\/wp-content\/uploads\/2025\/07\/parrainage_vietnam-1.png","width":407,"height":535,"caption":"filleul-vietnam-parrainage-parrainer-un-enfant"},{"@type":"BreadcrumbList","@id":"https:\/\/alteriade-clients.alwaysdata.net\/appel\/filleul-vietnam\/#breadcrumb","itemListElement":[{"@type":"ListItem","position":1,"name":"Accueil","item":"https:\/\/alteriade-clients.alwaysdata.net\/appel\/"},{"@type":"ListItem","position":2,"name":"T\u00e9moignage filleul vietnamien : Dao Duc Quang"}]},{"@type":"WebSite","@id":"https:\/\/alteriade-clients.alwaysdata.net\/appel\/#website","url":"https:\/\/alteriade-clients.alwaysdata.net\/appel\/","name":"Association humanitaire l'Appel et parrainages d'enfants","description":"Solidarit\u00e9 avec les enfants du monde","publisher":{"@id":"https:\/\/alteriade-clients.alwaysdata.net\/appel\/#organization"},"alternateName":"L'Appel","potentialAction":[{"@type":"SearchAction","target":{"@type":"EntryPoint","urlTemplate":"https:\/\/alteriade-clients.alwaysdata.net\/appel\/?s={search_term_string}"},"query-input":{"@type":"PropertyValueSpecification","valueRequired":true,"valueName":"search_term_string"}}],"inLanguage":"fr-FR"},{"@type":"Organization","@id":"https:\/\/alteriade-clients.alwaysdata.net\/appel\/#organization","name":"Association humanitaire L'Appel et parrainages d'enfants","url":"https:\/\/alteriade-clients.alwaysdata.net\/appel\/","logo":{"@type":"ImageObject","inLanguage":"fr-FR","@id":"https:\/\/alteriade-clients.alwaysdata.net\/appel\/#\/schema\/logo\/image\/","url":"https:\/\/alteriade-clients.alwaysdata.net\/appel\/wp-content\/uploads\/2020\/09\/Logo-web.png","contentUrl":"https:\/\/alteriade-clients.alwaysdata.net\/appel\/wp-content\/uploads\/2020\/09\/Logo-web.png","width":1834,"height":1333,"caption":"Association humanitaire L'Appel et parrainages d'enfants"},"image":{"@id":"https:\/\/alteriade-clients.alwaysdata.net\/appel\/#\/schema\/logo\/image\/"}},{"@type":"Person","@id":"https:\/\/alteriade-clients.alwaysdata.net\/appel\/#\/schema\/person\/efe370d09084382ae2d7b977ba212e78","name":"lappel-admin"}]}},"_links":{"self":[{"href":"https:\/\/alteriade-clients.alwaysdata.net\/appel\/wp-json\/wp\/v2\/posts\/28487","targetHints":{"allow":["GET"]}}],"collection":[{"href":"https:\/\/alteriade-clients.alwaysdata.net\/appel\/wp-json\/wp\/v2\/posts"}],"about":[{"href":"https:\/\/alteriade-clients.alwaysdata.net\/appel\/wp-json\/wp\/v2\/types\/post"}],"author":[{"embeddable":true,"href":"https:\/\/alteriade-clients.alwaysdata.net\/appel\/wp-json\/wp\/v2\/users\/2"}],"replies":[{"embeddable":true,"href":"https:\/\/alteriade-clients.alwaysdata.net\/appel\/wp-json\/wp\/v2\/comments?post=28487"}],"version-history":[{"count":14,"href":"https:\/\/alteriade-clients.alwaysdata.net\/appel\/wp-json\/wp\/v2\/posts\/28487\/revisions"}],"predecessor-version":[{"id":30549,"href":"https:\/\/alteriade-clients.alwaysdata.net\/appel\/wp-json\/wp\/v2\/posts\/28487\/revisions\/30549"}],"wp:featuredmedia":[{"embeddable":true,"href":"https:\/\/alteriade-clients.alwaysdata.net\/appel\/wp-json\/wp\/v2\/media\/28486"}],"wp:attachment":[{"href":"https:\/\/alteriade-clients.alwaysdata.net\/appel\/wp-json\/wp\/v2\/media?parent=28487"}],"wp:term":[{"taxonomy":"category","embeddable":true,"href":"https:\/\/alteriade-clients.alwaysdata.net\/appel\/wp-json\/wp\/v2\/categories?post=28487"},{"taxonomy":"post_tag","embeddable":true,"href":"https:\/\/alteriade-clients.alwaysdata.net\/appel\/wp-json\/wp\/v2\/tags?post=28487"}],"curies":[{"name":"wp","href":"https:\/\/api.w.org\/{rel}","templated":true}]}}