{"id":28339,"date":"2025-08-07T16:41:32","date_gmt":"2025-08-07T14:41:32","guid":{"rendered":"https:\/\/alteriade-clients.alwaysdata.net\/appel\/?p=28339"},"modified":"2025-09-09T15:23:30","modified_gmt":"2025-09-09T13:23:30","slug":"causes-consequences-malnutrition-infantile","status":"publish","type":"post","link":"https:\/\/alteriade-clients.alwaysdata.net\/appel\/causes-consequences-malnutrition-infantile\/","title":{"rendered":"Causes et cons\u00e9quences m\u00e9connues de la malnutrition infantile"},"content":{"rendered":"\t\t<div data-elementor-type=\"wp-post\" data-elementor-id=\"28339\" class=\"elementor elementor-28339\" data-elementor-post-type=\"post\">\n\t\t\t\t<div class=\"has_eae_slider elementor-element elementor-element-273d605 e-flex e-con-boxed e-con e-parent\" data-eae-slider=\"38407\" data-id=\"273d605\" data-element_type=\"container\">\n\t\t\t\t\t<div class=\"e-con-inner\">\n\t\t\t\t<div class=\"elementor-element elementor-element-04581c1 elementor-widget elementor-widget-heading\" data-id=\"04581c1\" data-element_type=\"widget\" data-widget_type=\"heading.default\">\n\t\t\t\t<div class=\"elementor-widget-container\">\n\t\t\t\t\t<h2 class=\"elementor-heading-title elementor-size-default\">Malnutrition infantile et maternelle, pr\u00e9occupations internationales<\/h2>\t\t\t\t<\/div>\n\t\t\t\t<\/div>\n\t\t\t\t<div class=\"elementor-element elementor-element-86c52f4 elementor-widget elementor-widget-text-editor\" data-id=\"86c52f4\" data-element_type=\"widget\" data-widget_type=\"text-editor.default\">\n\t\t\t\t<div class=\"elementor-widget-container\">\n\t\t\t\t\t\t\t\t\t<p>La malnutrition et les maladies infectieuses sont les causes principales de la mortalit\u00e9 infantile. Or, la malnutrition chronique infantile commence souvent par un retard de croissance intra-ut\u00e9rin li\u00e9 \u00e0 une malnutrition d\u00e9j\u00e0 maternelle. Explications.\u00a0<\/p>\t\t\t\t\t\t\t\t<\/div>\n\t\t\t\t<\/div>\n\t\t\t\t\t<\/div>\n\t\t\t\t<\/div>\n\t\t<div class=\"has_eae_slider elementor-element elementor-element-6933649 e-flex e-con-boxed e-con e-parent\" data-eae-slider=\"49277\" data-id=\"6933649\" data-element_type=\"container\">\n\t\t\t\t\t<div class=\"e-con-inner\">\n\t\t\t\t<div class=\"elementor-element elementor-element-769a2ab elementor-widget elementor-widget-heading\" data-id=\"769a2ab\" data-element_type=\"widget\" data-widget_type=\"heading.default\">\n\t\t\t\t<div class=\"elementor-widget-container\">\n\t\t\t\t\t<h3 class=\"elementor-heading-title elementor-size-default\">Les causes m\u00e9connues de la vuln\u00e9rabilit\u00e9 des enfants et des femmes<\/h3>\t\t\t\t<\/div>\n\t\t\t\t<\/div>\n\t\t\t\t<div class=\"elementor-element elementor-element-378d885 elementor-widget elementor-widget-text-editor\" data-id=\"378d885\" data-element_type=\"widget\" data-widget_type=\"text-editor.default\">\n\t\t\t\t<div class=\"elementor-widget-container\">\n\t\t\t\t\t\t\t\t\t<p>La malnutrition infantile et maternelle s\u2019explique par une combinaison de facteurs biologiques, sociaux, \u00e9conomiques et culturels, qui rendent <strong><span style=\"color: 40a497;\">les femmes et les enfants particuli\u00e8rement vuln\u00e9rables<\/span><\/strong> :<\/p>\t\t\t\t\t\t\t\t<\/div>\n\t\t\t\t<\/div>\n\t\t\t\t\t<\/div>\n\t\t\t\t<\/div>\n\t\t<div class=\"has_eae_slider elementor-element elementor-element-3aa955b e-flex e-con-boxed e-con e-parent\" data-eae-slider=\"34124\" data-id=\"3aa955b\" data-element_type=\"container\">\n\t\t\t\t\t<div class=\"e-con-inner\">\n\t\t<div class=\"has_eae_slider elementor-element elementor-element-7bf620e e-con-full e-flex e-con e-child\" data-eae-slider=\"95731\" data-id=\"7bf620e\" data-element_type=\"container\">\n\t\t\t\t<div class=\"elementor-element elementor-element-d7e2132 elementor-widget elementor-widget-be-image-box\" data-id=\"d7e2132\" data-element_type=\"widget\" data-widget_type=\"be-image-box.default\">\n\t\t\t\t<div class=\"elementor-widget-container\">\n\t\t\t\t\t\t\t\t<div class=\"elementor-image-box  elementor-image-box--default\">\n\t\t\n\t\t<div class=\"elementor-image-box__image\">\n\t\t\t\t\t<\/div>\n\n\t\t<div class=\"elementor-image-box__content\">\n\t\t\t<h3 class=\"elementor-image-box__title\"><a href=\"\">La grossesse<\/a><\/h3><div class=\"elementor-image-box__desc\"><br>D\u00e8s la grossesse, les besoins nutritionnels des femmes augmentent pour assurer le bon d\u00e9veloppement du f\u0153tus. Si ces besoins ne sont pas couverts, les cons\u00e9quences peuvent \u00eatre graves : accouchements pr\u00e9matur\u00e9s, faible poids de naissance... Apr\u00e8s la naissance, l\u2019allaitement n\u00e9cessite \u00e9galement un apport calorique et nutritionnel renforc\u00e9. Or, dans de nombreuses familles, les femmes mangent en dernier, parfois en quantit\u00e9 insuffisante, surtout en p\u00e9riode de crise ou de p\u00e9nurie alimentaire.<\/div>\t\t<\/div>\n\n\t\t\t\t\t<\/div>\n\t\t\t\t\t\t<\/div>\n\t\t\t\t<\/div>\n\t\t\t\t<\/div>\n\t\t<div class=\"has_eae_slider elementor-element elementor-element-818bd05 e-con-full e-flex e-con e-child\" data-eae-slider=\"50466\" data-id=\"818bd05\" data-element_type=\"container\">\n\t\t\t\t<div class=\"elementor-element elementor-element-8f5eb9b elementor-widget elementor-widget-be-image-box\" data-id=\"8f5eb9b\" data-element_type=\"widget\" data-widget_type=\"be-image-box.default\">\n\t\t\t\t<div class=\"elementor-widget-container\">\n\t\t\t\t\t\t\t\t<div class=\"elementor-image-box  elementor-image-box--default\">\n\t\t\n\t\t<div class=\"elementor-image-box__image\">\n\t\t\t\t\t<\/div>\n\n\t\t<div class=\"elementor-image-box__content\">\n\t\t\t<h3 class=\"elementor-image-box__title\"><a href=\"\">Les 5 premi\u00e8res ann\u00e9es<\/a><\/h3><div class=\"elementor-image-box__desc\"><br>Les enfants de moins de cinq ans sont particuli\u00e8rement expos\u00e9s. Leur organisme en pleine croissance a besoin de nutriments essentiels pour se d\u00e9velopper. Un enfant mal nourri lors de ses deux premi\u00e8res ann\u00e9es de vie (= p\u00e9riode des 1000 jours, depuis le d\u00e9but de la grossesse, jusqu'\u00e0 ses deux ans r\u00e9volus) peut souffrir de retards de croissance, d\u2019un affaiblissement du syst\u00e8me immunitaire, de troubles du d\u00e9veloppement cognitif, voire de s\u00e9quelles c\u00e9r\u00e9brales, souvent irr\u00e9versibles.<\/div>\t\t<\/div>\n\n\t\t\t\t\t<\/div>\n\t\t\t\t\t\t<\/div>\n\t\t\t\t<\/div>\n\t\t\t\t<\/div>\n\t\t<div class=\"has_eae_slider elementor-element elementor-element-ffaef5e e-con-full e-flex e-con e-child\" data-eae-slider=\"22930\" data-id=\"ffaef5e\" data-element_type=\"container\">\n\t\t\t\t<div class=\"elementor-element elementor-element-8542a5e elementor-widget elementor-widget-be-image-box\" data-id=\"8542a5e\" data-element_type=\"widget\" data-widget_type=\"be-image-box.default\">\n\t\t\t\t<div class=\"elementor-widget-container\">\n\t\t\t\t\t\t\t\t<div class=\"elementor-image-box  elementor-image-box--default\">\n\t\t\n\t\t<div class=\"elementor-image-box__image\">\n\t\t\t\t\t<\/div>\n\n\t\t<div class=\"elementor-image-box__content\">\n\t\t\t<h3 class=\"elementor-image-box__title\"><a href=\"\">Les in\u00e9galit\u00e9s<\/a><\/h3><div class=\"elementor-image-box__desc\"><br>\u00c0 cela s\u2019ajoutent des in\u00e9galit\u00e9s structurelles : manque d'acc\u00e8s aux soins, \u00e0 l\u2019\u00e9ducation, \u00e0 l'information sur la nutrition, ou encore \u00e0 des ressources \u00e9conomiques suffisantes pour garantir une alimentation \u00e9quilibr\u00e9e. Dans certains contextes, les femmes n\u2019ont pas de pouvoir de d\u00e9cision sur les d\u00e9penses alimentaires du foyer, bien qu'elles soient consid\u00e9r\u00e9es responsables des repas.<\/div>\t\t<\/div>\n\n\t\t\t\t\t<\/div>\n\t\t\t\t\t\t<\/div>\n\t\t\t\t<\/div>\n\t\t\t\t<\/div>\n\t\t<div class=\"has_eae_slider elementor-element elementor-element-0ac7e4e e-con-full e-flex e-con e-child\" data-eae-slider=\"97245\" data-id=\"0ac7e4e\" data-element_type=\"container\">\n\t\t\t\t<div class=\"elementor-element elementor-element-e542d0d elementor-widget elementor-widget-be-image-box\" data-id=\"e542d0d\" data-element_type=\"widget\" data-widget_type=\"be-image-box.default\">\n\t\t\t\t<div class=\"elementor-widget-container\">\n\t\t\t\t\t\t\t\t<div class=\"elementor-image-box  elementor-image-box--default\">\n\t\t\n\t\t<div class=\"elementor-image-box__image\">\n\t\t\t\t\t<\/div>\n\n\t\t<div class=\"elementor-image-box__content\">\n\t\t\t<h3 class=\"elementor-image-box__title\"><a href=\"\">L'h\u00e9ritage<\/a><\/h3><div class=\"elementor-image-box__desc\"><br>Enfin, la malnutrition est interg\u00e9n\u00e9rationnelle : une m\u00e8re malnutrie a plus de risques de donner naissance \u00e0 un enfant malnutri. Sans intervention, ce cercle vicieux se r\u00e9p\u00e8te de g\u00e9n\u00e9ration en g\u00e9n\u00e9ration.\nAgir contre la malnutrition, c\u2019est donc avant tout soutenir les femmes et les enfants, en leur donnant les moyens de se nourrir correctement, de mani\u00e8re durable et autonome.<\/div>\t\t<\/div>\n\n\t\t\t\t\t<\/div>\n\t\t\t\t\t\t<\/div>\n\t\t\t\t<\/div>\n\t\t\t\t<\/div>\n\t\t\t\t\t<\/div>\n\t\t\t\t<\/div>\n\t\t\t\t<section class=\"has_eae_slider elementor-section elementor-top-section elementor-element elementor-element-ec3454d elementor-section-boxed elementor-section-height-default elementor-section-height-default\" data-eae-slider=\"69054\" data-id=\"ec3454d\" data-element_type=\"section\">\n\t\t\t\t\t\t<div class=\"elementor-container elementor-column-gap-default\">\n\t\t\t\t\t<div class=\"has_eae_slider elementor-column elementor-col-100 elementor-top-column elementor-element elementor-element-23fd396\" data-eae-slider=\"74290\" data-id=\"23fd396\" data-element_type=\"column\">\n\t\t\t<div class=\"elementor-widget-wrap elementor-element-populated\">\n\t\t\t\t\t\t<div class=\"elementor-element elementor-element-140b53b elementor-widget elementor-widget-heading\" data-id=\"140b53b\" data-element_type=\"widget\" data-widget_type=\"heading.default\">\n\t\t\t\t<div class=\"elementor-widget-container\">\n\t\t\t\t\t<h3 class=\"elementor-heading-title elementor-size-default\">Les cons\u00e9quences graves de la malnutrition infantile et maternelle<\/h3>\t\t\t\t<\/div>\n\t\t\t\t<\/div>\n\t\t\t\t<div class=\"elementor-element elementor-element-d49869c elementor-widget elementor-widget-text-editor\" data-id=\"d49869c\" data-element_type=\"widget\" data-widget_type=\"text-editor.default\">\n\t\t\t\t<div class=\"elementor-widget-container\">\n\t\t\t\t\t\t\t\t\t<p>La malnutrition compromet gravement la croissance et le d\u00e9veloppement des enfants, en particulier pendant la p\u00e9riode des 1 000 jours. C\u2019est une p\u00e9riode cruciale et irr\u00e9versible : <strong>toute carence nutritionnelle peut avoir des cons\u00e9quences durables.<\/strong><\/p><p><span style=\"letter-spacing: 0px;\">Le rapport 2023 de l\u2019UNICEF r\u00e9v\u00e8le qu\u2019un enfant atteint de malnutrition aig\u00fce s\u00e9v\u00e8re a 11 fois plus de risques de mourir qu\u2019un enfant bien nourri.<\/span><\/p><p>De plus, l\u2019Organisation Mondiale de la Sant\u00e9 (OMS) ajoute que la malnutrition est un facteur sous-jacent dans pr\u00e8s de 45 % des d\u00e9c\u00e8s d\u2019enfants de moins de 5 ans (soit environ 3 millions par an) :<\/p><ul><li>soit par ses effets directs (\u00ab mourir de faim \u00bb),<\/li><li>soit parce que leur organisme affaibli n\u2019a pas pu <strong>combattre une maladie infectieuse<\/strong> telle qu\u2019une pneumonie, le paludisme etc.<\/li><\/ul><p>Ces chiffres soulignent l\u2019urgence d\u2019une prise en charge pr\u00e9coce et d\u2019une pr\u00e9vention efficace pour \u00e9viter ces cons\u00e9quences d\u00e9vastatrices.<\/p><p>Par ailleurs, la malnutrition infantile ne se limite pas \u00e0 la faim. Elle affecte :<\/p><ul><li>Le d\u00e9veloppement cognitif : baisse des capacit\u00e9s d\u2019apprentissage, retards intellectuels.<\/li><li>Le syst\u00e8me immunitaire : vuln\u00e9rabilit\u00e9 accrue face aux infections courantes.<\/li><li>Le potentiel \u00e9conomique futur : un enfant malnutri risque de gagner jusqu\u2019\u00e0 20 % de moins \u00e0 l\u2019\u00e2ge adulte (Banque mondiale).<\/li><li>Et, \u00e0 l\u2019\u00e9chelle des pays, la malnutrition peut entra\u00eener des pertes \u00e9conomiques estim\u00e9es \u00e0 jusqu\u2019\u00e0 3 % du PIB. Investir dans la nutrition est l\u2019une des interventions les plus rentables : chaque dollar investi dans la nutrition rapporte jusqu\u2019\u00e0 16 dollars en b\u00e9n\u00e9fices \u00e9conomiques (Copenhagen Consensus, 2016).<\/li><\/ul><p><strong>Face \u00e0 cette urgence, il est indispensable de <span style=\"color: 40a497;\">renforcer\u00a0<\/span><a href=\"https:\/\/alteriade-clients.alwaysdata.net\/appel\/projet\/nutricartes\/\" target=\"_blank\" rel=\"noopener\">les programmes de pr\u00e9vention<\/a>\u00a0: \u00e9ducation nutritionnelle, allaitement maternel exclusif, diversification alimentaire, d\u00e9pistage pr\u00e9coce. Il faut soutenir les initiatives locales et les organisations qui agissent sur le terrain, aux c\u00f4t\u00e9s des familles.<\/strong><\/p>\t\t\t\t\t\t\t\t<\/div>\n\t\t\t\t<\/div>\n\t\t\t\t\t<\/div>\n\t\t<\/div>\n\t\t\t\t\t<\/div>\n\t\t<\/section>\n\t\t\t\t<\/div>\n\t\t","protected":false},"excerpt":{"rendered":"<p>Malnutrition infantile et maternelle, pr\u00e9occupations internationales La malnutrition et les maladies infectieuses sont les causes principales de la mortalit\u00e9 infantile. Or, la malnutrition chronique infantile commence souvent par un retard de croissance intra-ut\u00e9rin li\u00e9 \u00e0 une malnutrition d\u00e9j\u00e0 maternelle. Explications.\u00a0 Les causes m\u00e9connues de la vuln\u00e9rabilit\u00e9 des enfants et des femmes La malnutrition infantile et [&hellip;]<\/p>\n","protected":false},"author":2,"featured_media":24606,"comment_status":"open","ping_status":"open","sticky":false,"template":"","format":"standard","meta":{"_acf_changed":false,"footnotes":""},"categories":[280],"tags":[],"class_list":["post-28339","post","type-post","status-publish","format-standard","has-post-thumbnail","hentry","category-health","entry"],"acf":[],"yoast_head":"<!-- This site is optimized with the Yoast SEO plugin v26.1 - https:\/\/yoast.com\/wordpress\/plugins\/seo\/ -->\n<title>Causes et cons\u00e9quences m\u00e9connues de la malnutrition infantile<\/title>\n<meta name=\"description\" content=\"La malnutrition et les maladies infectieuses sont les causes principales de mortalit\u00e9 infantile. Or, un retard de croissance intra-ut\u00e9rin ...\" \/>\n<meta name=\"robots\" content=\"noindex, follow, max-snippet:-1, max-image-preview:large, max-video-preview:-1\" \/>\n<meta property=\"og:locale\" content=\"fr_FR\" \/>\n<meta property=\"og:type\" content=\"article\" \/>\n<meta property=\"og:title\" content=\"Causes et cons\u00e9quences m\u00e9connues de la malnutrition infantile\" \/>\n<meta property=\"og:description\" content=\"La malnutrition et les maladies infectieuses sont les causes principales de mortalit\u00e9 infantile. Or, un retard de croissance intra-ut\u00e9rin ...\" \/>\n<meta property=\"og:url\" content=\"https:\/\/alteriade-clients.alwaysdata.net\/appel\/causes-consequences-malnutrition-infantile\/\" \/>\n<meta property=\"og:site_name\" content=\"Association humanitaire L&#039;Appel et parrainages d&#039;enfants\" \/>\n<meta property=\"article:published_time\" content=\"2025-08-07T14:41:32+00:00\" \/>\n<meta property=\"article:modified_time\" content=\"2025-09-09T13:23:30+00:00\" \/>\n<meta property=\"og:image\" content=\"https:\/\/alteriade-clients.alwaysdata.net\/appel\/wp-content\/uploads\/2025\/07\/SANTE-Nutricartes\u00ae-Tchad-Guerra-_\u00a9HerveVINCENT-2-e1754393712402.jpg\" \/>\n\t<meta property=\"og:image:width\" content=\"2480\" \/>\n\t<meta property=\"og:image:height\" content=\"1439\" \/>\n\t<meta property=\"og:image:type\" content=\"image\/jpeg\" \/>\n<meta name=\"author\" content=\"lappel-admin\" \/>\n<meta name=\"twitter:card\" content=\"summary_large_image\" \/>\n<meta name=\"twitter:label1\" content=\"\u00c9crit par\" \/>\n\t<meta name=\"twitter:data1\" content=\"lappel-admin\" \/>\n\t<meta name=\"twitter:label2\" content=\"Dur\u00e9e de lecture estim\u00e9e\" \/>\n\t<meta name=\"twitter:data2\" content=\"4 minutes\" \/>\n<script type=\"application\/ld+json\" class=\"yoast-schema-graph\">{\"@context\":\"https:\/\/schema.org\",\"@graph\":[{\"@type\":\"Article\",\"@id\":\"https:\/\/alteriade-clients.alwaysdata.net\/appel\/causes-consequences-malnutrition-infantile\/#article\",\"isPartOf\":{\"@id\":\"https:\/\/alteriade-clients.alwaysdata.net\/appel\/causes-consequences-malnutrition-infantile\/\"},\"author\":{\"name\":\"lappel-admin\",\"@id\":\"https:\/\/alteriade-clients.alwaysdata.net\/appel\/#\/schema\/person\/efe370d09084382ae2d7b977ba212e78\"},\"headline\":\"Causes et cons\u00e9quences m\u00e9connues de la malnutrition infantile\",\"datePublished\":\"2025-08-07T14:41:32+00:00\",\"dateModified\":\"2025-09-09T13:23:30+00:00\",\"mainEntityOfPage\":{\"@id\":\"https:\/\/alteriade-clients.alwaysdata.net\/appel\/causes-consequences-malnutrition-infantile\/\"},\"wordCount\":717,\"commentCount\":0,\"publisher\":{\"@id\":\"https:\/\/alteriade-clients.alwaysdata.net\/appel\/#organization\"},\"image\":{\"@id\":\"https:\/\/alteriade-clients.alwaysdata.net\/appel\/causes-consequences-malnutrition-infantile\/#primaryimage\"},\"thumbnailUrl\":\"https:\/\/alteriade-clients.alwaysdata.net\/appel\/wp-content\/uploads\/2025\/07\/SANTE-Nutricartes\u00ae-Tchad-Guerra-_\u00a9HerveVINCENT-2-e1754393712402.jpg\",\"articleSection\":[\"Sant\u00e9\"],\"inLanguage\":\"fr-FR\"},{\"@type\":[\"WebPage\",\"ItemPage\"],\"@id\":\"https:\/\/alteriade-clients.alwaysdata.net\/appel\/causes-consequences-malnutrition-infantile\/\",\"url\":\"https:\/\/alteriade-clients.alwaysdata.net\/appel\/causes-consequences-malnutrition-infantile\/\",\"name\":\"Causes et cons\u00e9quences m\u00e9connues de la malnutrition infantile\",\"isPartOf\":{\"@id\":\"https:\/\/alteriade-clients.alwaysdata.net\/appel\/#website\"},\"primaryImageOfPage\":{\"@id\":\"https:\/\/alteriade-clients.alwaysdata.net\/appel\/causes-consequences-malnutrition-infantile\/#primaryimage\"},\"image\":{\"@id\":\"https:\/\/alteriade-clients.alwaysdata.net\/appel\/causes-consequences-malnutrition-infantile\/#primaryimage\"},\"thumbnailUrl\":\"https:\/\/alteriade-clients.alwaysdata.net\/appel\/wp-content\/uploads\/2025\/07\/SANTE-Nutricartes\u00ae-Tchad-Guerra-_\u00a9HerveVINCENT-2-e1754393712402.jpg\",\"datePublished\":\"2025-08-07T14:41:32+00:00\",\"dateModified\":\"2025-09-09T13:23:30+00:00\",\"description\":\"La malnutrition et les maladies infectieuses sont les causes principales de mortalit\u00e9 infantile. Or, un retard de croissance intra-ut\u00e9rin ...\",\"breadcrumb\":{\"@id\":\"https:\/\/alteriade-clients.alwaysdata.net\/appel\/causes-consequences-malnutrition-infantile\/#breadcrumb\"},\"inLanguage\":\"fr-FR\",\"potentialAction\":[{\"@type\":\"ReadAction\",\"target\":[\"https:\/\/alteriade-clients.alwaysdata.net\/appel\/causes-consequences-malnutrition-infantile\/\"]}]},{\"@type\":\"ImageObject\",\"inLanguage\":\"fr-FR\",\"@id\":\"https:\/\/alteriade-clients.alwaysdata.net\/appel\/causes-consequences-malnutrition-infantile\/#primaryimage\",\"url\":\"https:\/\/alteriade-clients.alwaysdata.net\/appel\/wp-content\/uploads\/2025\/07\/SANTE-Nutricartes\u00ae-Tchad-Guerra-_\u00a9HerveVINCENT-2-e1754393712402.jpg\",\"contentUrl\":\"https:\/\/alteriade-clients.alwaysdata.net\/appel\/wp-content\/uploads\/2025\/07\/SANTE-Nutricartes\u00ae-Tchad-Guerra-_\u00a9HerveVINCENT-2-e1754393712402.jpg\",\"width\":2480,\"height\":1439,\"caption\":\"malnutrition-infantile-faim-dans-le-monde\"},{\"@type\":\"BreadcrumbList\",\"@id\":\"https:\/\/alteriade-clients.alwaysdata.net\/appel\/causes-consequences-malnutrition-infantile\/#breadcrumb\",\"itemListElement\":[{\"@type\":\"ListItem\",\"position\":1,\"name\":\"Accueil\",\"item\":\"https:\/\/alteriade-clients.alwaysdata.net\/appel\/\"},{\"@type\":\"ListItem\",\"position\":2,\"name\":\"Causes et cons\u00e9quences m\u00e9connues de la malnutrition infantile\"}]},{\"@type\":\"WebSite\",\"@id\":\"https:\/\/alteriade-clients.alwaysdata.net\/appel\/#website\",\"url\":\"https:\/\/alteriade-clients.alwaysdata.net\/appel\/\",\"name\":\"Association humanitaire l'Appel et parrainages d'enfants\",\"description\":\"Solidarit\u00e9 avec les enfants du monde\",\"publisher\":{\"@id\":\"https:\/\/alteriade-clients.alwaysdata.net\/appel\/#organization\"},\"alternateName\":\"L'Appel\",\"potentialAction\":[{\"@type\":\"SearchAction\",\"target\":{\"@type\":\"EntryPoint\",\"urlTemplate\":\"https:\/\/alteriade-clients.alwaysdata.net\/appel\/?s={search_term_string}\"},\"query-input\":{\"@type\":\"PropertyValueSpecification\",\"valueRequired\":true,\"valueName\":\"search_term_string\"}}],\"inLanguage\":\"fr-FR\"},{\"@type\":\"Organization\",\"@id\":\"https:\/\/alteriade-clients.alwaysdata.net\/appel\/#organization\",\"name\":\"Association humanitaire L'Appel et parrainages d'enfants\",\"url\":\"https:\/\/alteriade-clients.alwaysdata.net\/appel\/\",\"logo\":{\"@type\":\"ImageObject\",\"inLanguage\":\"fr-FR\",\"@id\":\"https:\/\/alteriade-clients.alwaysdata.net\/appel\/#\/schema\/logo\/image\/\",\"url\":\"https:\/\/alteriade-clients.alwaysdata.net\/appel\/wp-content\/uploads\/2020\/09\/Logo-web.png\",\"contentUrl\":\"https:\/\/alteriade-clients.alwaysdata.net\/appel\/wp-content\/uploads\/2020\/09\/Logo-web.png\",\"width\":1834,\"height\":1333,\"caption\":\"Association humanitaire L'Appel et parrainages d'enfants\"},\"image\":{\"@id\":\"https:\/\/alteriade-clients.alwaysdata.net\/appel\/#\/schema\/logo\/image\/\"}},{\"@type\":\"Person\",\"@id\":\"https:\/\/alteriade-clients.alwaysdata.net\/appel\/#\/schema\/person\/efe370d09084382ae2d7b977ba212e78\",\"name\":\"lappel-admin\"}]}<\/script>\n<!-- \/ Yoast SEO plugin. -->","yoast_head_json":{"title":"Causes et cons\u00e9quences m\u00e9connues de la malnutrition infantile","description":"La malnutrition et les maladies infectieuses sont les causes principales de mortalit\u00e9 infantile. Or, un retard de croissance intra-ut\u00e9rin ...","robots":{"index":"noindex","follow":"follow","max-snippet":"max-snippet:-1","max-image-preview":"max-image-preview:large","max-video-preview":"max-video-preview:-1"},"og_locale":"fr_FR","og_type":"article","og_title":"Causes et cons\u00e9quences m\u00e9connues de la malnutrition infantile","og_description":"La malnutrition et les maladies infectieuses sont les causes principales de mortalit\u00e9 infantile. Or, un retard de croissance intra-ut\u00e9rin ...","og_url":"https:\/\/alteriade-clients.alwaysdata.net\/appel\/causes-consequences-malnutrition-infantile\/","og_site_name":"Association humanitaire L&#039;Appel et parrainages d&#039;enfants","article_published_time":"2025-08-07T14:41:32+00:00","article_modified_time":"2025-09-09T13:23:30+00:00","og_image":[{"width":2480,"height":1439,"url":"https:\/\/alteriade-clients.alwaysdata.net\/appel\/wp-content\/uploads\/2025\/07\/SANTE-Nutricartes\u00ae-Tchad-Guerra-_\u00a9HerveVINCENT-2-e1754393712402.jpg","type":"image\/jpeg"}],"author":"lappel-admin","twitter_card":"summary_large_image","twitter_misc":{"\u00c9crit par":"lappel-admin","Dur\u00e9e de lecture estim\u00e9e":"4 minutes"},"schema":{"@context":"https:\/\/schema.org","@graph":[{"@type":"Article","@id":"https:\/\/alteriade-clients.alwaysdata.net\/appel\/causes-consequences-malnutrition-infantile\/#article","isPartOf":{"@id":"https:\/\/alteriade-clients.alwaysdata.net\/appel\/causes-consequences-malnutrition-infantile\/"},"author":{"name":"lappel-admin","@id":"https:\/\/alteriade-clients.alwaysdata.net\/appel\/#\/schema\/person\/efe370d09084382ae2d7b977ba212e78"},"headline":"Causes et cons\u00e9quences m\u00e9connues de la malnutrition infantile","datePublished":"2025-08-07T14:41:32+00:00","dateModified":"2025-09-09T13:23:30+00:00","mainEntityOfPage":{"@id":"https:\/\/alteriade-clients.alwaysdata.net\/appel\/causes-consequences-malnutrition-infantile\/"},"wordCount":717,"commentCount":0,"publisher":{"@id":"https:\/\/alteriade-clients.alwaysdata.net\/appel\/#organization"},"image":{"@id":"https:\/\/alteriade-clients.alwaysdata.net\/appel\/causes-consequences-malnutrition-infantile\/#primaryimage"},"thumbnailUrl":"https:\/\/alteriade-clients.alwaysdata.net\/appel\/wp-content\/uploads\/2025\/07\/SANTE-Nutricartes\u00ae-Tchad-Guerra-_\u00a9HerveVINCENT-2-e1754393712402.jpg","articleSection":["Sant\u00e9"],"inLanguage":"fr-FR"},{"@type":["WebPage","ItemPage"],"@id":"https:\/\/alteriade-clients.alwaysdata.net\/appel\/causes-consequences-malnutrition-infantile\/","url":"https:\/\/alteriade-clients.alwaysdata.net\/appel\/causes-consequences-malnutrition-infantile\/","name":"Causes et cons\u00e9quences m\u00e9connues de la malnutrition infantile","isPartOf":{"@id":"https:\/\/alteriade-clients.alwaysdata.net\/appel\/#website"},"primaryImageOfPage":{"@id":"https:\/\/alteriade-clients.alwaysdata.net\/appel\/causes-consequences-malnutrition-infantile\/#primaryimage"},"image":{"@id":"https:\/\/alteriade-clients.alwaysdata.net\/appel\/causes-consequences-malnutrition-infantile\/#primaryimage"},"thumbnailUrl":"https:\/\/alteriade-clients.alwaysdata.net\/appel\/wp-content\/uploads\/2025\/07\/SANTE-Nutricartes\u00ae-Tchad-Guerra-_\u00a9HerveVINCENT-2-e1754393712402.jpg","datePublished":"2025-08-07T14:41:32+00:00","dateModified":"2025-09-09T13:23:30+00:00","description":"La malnutrition et les maladies infectieuses sont les causes principales de mortalit\u00e9 infantile. Or, un retard de croissance intra-ut\u00e9rin ...","breadcrumb":{"@id":"https:\/\/alteriade-clients.alwaysdata.net\/appel\/causes-consequences-malnutrition-infantile\/#breadcrumb"},"inLanguage":"fr-FR","potentialAction":[{"@type":"ReadAction","target":["https:\/\/alteriade-clients.alwaysdata.net\/appel\/causes-consequences-malnutrition-infantile\/"]}]},{"@type":"ImageObject","inLanguage":"fr-FR","@id":"https:\/\/alteriade-clients.alwaysdata.net\/appel\/causes-consequences-malnutrition-infantile\/#primaryimage","url":"https:\/\/alteriade-clients.alwaysdata.net\/appel\/wp-content\/uploads\/2025\/07\/SANTE-Nutricartes\u00ae-Tchad-Guerra-_\u00a9HerveVINCENT-2-e1754393712402.jpg","contentUrl":"https:\/\/alteriade-clients.alwaysdata.net\/appel\/wp-content\/uploads\/2025\/07\/SANTE-Nutricartes\u00ae-Tchad-Guerra-_\u00a9HerveVINCENT-2-e1754393712402.jpg","width":2480,"height":1439,"caption":"malnutrition-infantile-faim-dans-le-monde"},{"@type":"BreadcrumbList","@id":"https:\/\/alteriade-clients.alwaysdata.net\/appel\/causes-consequences-malnutrition-infantile\/#breadcrumb","itemListElement":[{"@type":"ListItem","position":1,"name":"Accueil","item":"https:\/\/alteriade-clients.alwaysdata.net\/appel\/"},{"@type":"ListItem","position":2,"name":"Causes et cons\u00e9quences m\u00e9connues de la malnutrition infantile"}]},{"@type":"WebSite","@id":"https:\/\/alteriade-clients.alwaysdata.net\/appel\/#website","url":"https:\/\/alteriade-clients.alwaysdata.net\/appel\/","name":"Association humanitaire l'Appel et parrainages d'enfants","description":"Solidarit\u00e9 avec les enfants du monde","publisher":{"@id":"https:\/\/alteriade-clients.alwaysdata.net\/appel\/#organization"},"alternateName":"L'Appel","potentialAction":[{"@type":"SearchAction","target":{"@type":"EntryPoint","urlTemplate":"https:\/\/alteriade-clients.alwaysdata.net\/appel\/?s={search_term_string}"},"query-input":{"@type":"PropertyValueSpecification","valueRequired":true,"valueName":"search_term_string"}}],"inLanguage":"fr-FR"},{"@type":"Organization","@id":"https:\/\/alteriade-clients.alwaysdata.net\/appel\/#organization","name":"Association humanitaire L'Appel et parrainages d'enfants","url":"https:\/\/alteriade-clients.alwaysdata.net\/appel\/","logo":{"@type":"ImageObject","inLanguage":"fr-FR","@id":"https:\/\/alteriade-clients.alwaysdata.net\/appel\/#\/schema\/logo\/image\/","url":"https:\/\/alteriade-clients.alwaysdata.net\/appel\/wp-content\/uploads\/2020\/09\/Logo-web.png","contentUrl":"https:\/\/alteriade-clients.alwaysdata.net\/appel\/wp-content\/uploads\/2020\/09\/Logo-web.png","width":1834,"height":1333,"caption":"Association humanitaire L'Appel et parrainages d'enfants"},"image":{"@id":"https:\/\/alteriade-clients.alwaysdata.net\/appel\/#\/schema\/logo\/image\/"}},{"@type":"Person","@id":"https:\/\/alteriade-clients.alwaysdata.net\/appel\/#\/schema\/person\/efe370d09084382ae2d7b977ba212e78","name":"lappel-admin"}]}},"_links":{"self":[{"href":"https:\/\/alteriade-clients.alwaysdata.net\/appel\/wp-json\/wp\/v2\/posts\/28339","targetHints":{"allow":["GET"]}}],"collection":[{"href":"https:\/\/alteriade-clients.alwaysdata.net\/appel\/wp-json\/wp\/v2\/posts"}],"about":[{"href":"https:\/\/alteriade-clients.alwaysdata.net\/appel\/wp-json\/wp\/v2\/types\/post"}],"author":[{"embeddable":true,"href":"https:\/\/alteriade-clients.alwaysdata.net\/appel\/wp-json\/wp\/v2\/users\/2"}],"replies":[{"embeddable":true,"href":"https:\/\/alteriade-clients.alwaysdata.net\/appel\/wp-json\/wp\/v2\/comments?post=28339"}],"version-history":[{"count":13,"href":"https:\/\/alteriade-clients.alwaysdata.net\/appel\/wp-json\/wp\/v2\/posts\/28339\/revisions"}],"predecessor-version":[{"id":28366,"href":"https:\/\/alteriade-clients.alwaysdata.net\/appel\/wp-json\/wp\/v2\/posts\/28339\/revisions\/28366"}],"wp:featuredmedia":[{"embeddable":true,"href":"https:\/\/alteriade-clients.alwaysdata.net\/appel\/wp-json\/wp\/v2\/media\/24606"}],"wp:attachment":[{"href":"https:\/\/alteriade-clients.alwaysdata.net\/appel\/wp-json\/wp\/v2\/media?parent=28339"}],"wp:term":[{"taxonomy":"category","embeddable":true,"href":"https:\/\/alteriade-clients.alwaysdata.net\/appel\/wp-json\/wp\/v2\/categories?post=28339"},{"taxonomy":"post_tag","embeddable":true,"href":"https:\/\/alteriade-clients.alwaysdata.net\/appel\/wp-json\/wp\/v2\/tags?post=28339"}],"curies":[{"name":"wp","href":"https:\/\/api.w.org\/{rel}","templated":true}]}}