{"id":26925,"date":"2025-07-31T17:03:07","date_gmt":"2025-07-31T15:03:07","guid":{"rendered":"https:\/\/alteriade-clients.alwaysdata.net\/appel\/?p=26925"},"modified":"2025-07-31T17:04:14","modified_gmt":"2025-07-31T15:04:14","slug":"les-1000-jours","status":"publish","type":"post","link":"https:\/\/alteriade-clients.alwaysdata.net\/appel\/les-1000-jours\/","title":{"rendered":"Les 1000 jours"},"content":{"rendered":"\t\t<div data-elementor-type=\"wp-post\" data-elementor-id=\"26925\" class=\"elementor elementor-26925\" data-elementor-post-type=\"post\">\n\t\t\t\t<div class=\"has_eae_slider elementor-element elementor-element-e009604 e-flex e-con-boxed e-con e-parent\" data-eae-slider=\"42591\" data-id=\"e009604\" data-element_type=\"container\">\n\t\t\t\t\t<div class=\"e-con-inner\">\n\t\t\t\t<div class=\"elementor-element elementor-element-e8d6547 elementor-widget elementor-widget-text-editor\" data-id=\"e8d6547\" data-element_type=\"widget\" data-widget_type=\"text-editor.default\">\n\t\t\t\t<div class=\"elementor-widget-container\">\n\t\t\t\t\t\t\t\t\t<blockquote><p>Imaginez un f\u0153tus, dans le ventre de sa m\u00e8re\u00a0: ce corps est sa maison. Il faut que ce refuge ait des fondations solides pour accompagner la croissance du b\u00e9b\u00e9 d\u00e8s les tout\u00a0premiers instants de la vie du b\u00e9b\u00e9. La m\u00e8re doit prendre soin d\u2019elle, de son alimentation pour pouvoir donner \u00e0 son b\u00e9b\u00e9 tout ce dont il a besoin pour se d\u00e9velopper, jusqu\u2019\u00e0 ses deux ans au moins. De la cellule \u00e0 l\u2019enfant de 2 ans\u00a0qui aura,\u00a0\u00e0 cet \u00e2ge, atteint la moiti\u00e9 de sa croissance, il y a 1\u00a0000 jours et ce sont les jours les plus cruciaux de la vie, ceux pendant lesquels les fondations sont pos\u00e9es.\u00a0<\/p><\/blockquote>\t\t\t\t\t\t\t\t<\/div>\n\t\t\t\t<\/div>\n\t\t\t\t\t<\/div>\n\t\t\t\t<\/div>\n\t\t\t\t<\/div>\n\t\t","protected":false},"excerpt":{"rendered":"<p>Imaginez un f\u0153tus, dans le ventre de sa m\u00e8re\u00a0: ce corps est sa maison. Il faut que ce refuge ait des fondations solides pour accompagner la croissance du b\u00e9b\u00e9 d\u00e8s les tout\u00a0premiers instants de la vie du b\u00e9b\u00e9. La m\u00e8re doit prendre soin d\u2019elle, de son alimentation pour pouvoir donner \u00e0 son b\u00e9b\u00e9 tout ce [&hellip;]<\/p>\n","protected":false},"author":2,"featured_media":0,"comment_status":"open","ping_status":"open","sticky":false,"template":"","format":"standard","meta":{"_acf_changed":false,"footnotes":""},"categories":[280],"tags":[],"class_list":["post-26925","post","type-post","status-publish","format-standard","hentry","category-health","entry"],"acf":[],"yoast_head":"<!-- This site is optimized with the Yoast SEO plugin v26.1 - https:\/\/yoast.com\/wordpress\/plugins\/seo\/ -->\n<title>Les 1000 jours - Association humanitaire L&#039;Appel et parrainages d&#039;enfants<\/title>\n<meta name=\"robots\" content=\"noindex, follow, max-snippet:-1, max-image-preview:large, max-video-preview:-1\" \/>\n<meta property=\"og:locale\" content=\"fr_FR\" \/>\n<meta property=\"og:type\" content=\"article\" \/>\n<meta property=\"og:title\" content=\"Les 1000 jours - Association humanitaire L&#039;Appel et parrainages d&#039;enfants\" \/>\n<meta property=\"og:description\" content=\"Imaginez un f\u0153tus, dans le ventre de sa m\u00e8re\u00a0: ce corps est sa maison. Il faut que ce refuge ait des fondations solides pour accompagner la croissance du b\u00e9b\u00e9 d\u00e8s les tout\u00a0premiers instants de la vie du b\u00e9b\u00e9. La m\u00e8re doit prendre soin d\u2019elle, de son alimentation pour pouvoir donner \u00e0 son b\u00e9b\u00e9 tout ce [&hellip;]\" \/>\n<meta property=\"og:url\" content=\"https:\/\/alteriade-clients.alwaysdata.net\/appel\/les-1000-jours\/\" \/>\n<meta property=\"og:site_name\" content=\"Association humanitaire L&#039;Appel et parrainages d&#039;enfants\" \/>\n<meta property=\"article:published_time\" content=\"2025-07-31T15:03:07+00:00\" \/>\n<meta property=\"article:modified_time\" content=\"2025-07-31T15:04:14+00:00\" \/>\n<meta name=\"author\" content=\"lappel-admin\" \/>\n<meta name=\"twitter:card\" content=\"summary_large_image\" \/>\n<meta name=\"twitter:label1\" content=\"\u00c9crit par\" \/>\n\t<meta name=\"twitter:data1\" content=\"lappel-admin\" \/>\n<script type=\"application\/ld+json\" class=\"yoast-schema-graph\">{\"@context\":\"https:\/\/schema.org\",\"@graph\":[{\"@type\":\"Article\",\"@id\":\"https:\/\/alteriade-clients.alwaysdata.net\/appel\/les-1000-jours\/#article\",\"isPartOf\":{\"@id\":\"https:\/\/alteriade-clients.alwaysdata.net\/appel\/les-1000-jours\/\"},\"author\":{\"name\":\"lappel-admin\",\"@id\":\"https:\/\/alteriade-clients.alwaysdata.net\/appel\/#\/schema\/person\/efe370d09084382ae2d7b977ba212e78\"},\"headline\":\"Les 1000 jours\",\"datePublished\":\"2025-07-31T15:03:07+00:00\",\"dateModified\":\"2025-07-31T15:04:14+00:00\",\"mainEntityOfPage\":{\"@id\":\"https:\/\/alteriade-clients.alwaysdata.net\/appel\/les-1000-jours\/\"},\"wordCount\":119,\"commentCount\":0,\"publisher\":{\"@id\":\"https:\/\/alteriade-clients.alwaysdata.net\/appel\/#organization\"},\"articleSection\":[\"Sant\u00e9\"],\"inLanguage\":\"fr-FR\"},{\"@type\":[\"WebPage\",\"ItemPage\"],\"@id\":\"https:\/\/alteriade-clients.alwaysdata.net\/appel\/les-1000-jours\/\",\"url\":\"https:\/\/alteriade-clients.alwaysdata.net\/appel\/les-1000-jours\/\",\"name\":\"Les 1000 jours - Association humanitaire L&#039;Appel et parrainages d&#039;enfants\",\"isPartOf\":{\"@id\":\"https:\/\/alteriade-clients.alwaysdata.net\/appel\/#website\"},\"datePublished\":\"2025-07-31T15:03:07+00:00\",\"dateModified\":\"2025-07-31T15:04:14+00:00\",\"breadcrumb\":{\"@id\":\"https:\/\/alteriade-clients.alwaysdata.net\/appel\/les-1000-jours\/#breadcrumb\"},\"inLanguage\":\"fr-FR\",\"potentialAction\":[{\"@type\":\"ReadAction\",\"target\":[\"https:\/\/alteriade-clients.alwaysdata.net\/appel\/les-1000-jours\/\"]}]},{\"@type\":\"BreadcrumbList\",\"@id\":\"https:\/\/alteriade-clients.alwaysdata.net\/appel\/les-1000-jours\/#breadcrumb\",\"itemListElement\":[{\"@type\":\"ListItem\",\"position\":1,\"name\":\"Accueil\",\"item\":\"https:\/\/alteriade-clients.alwaysdata.net\/appel\/\"},{\"@type\":\"ListItem\",\"position\":2,\"name\":\"Les 1000 jours\"}]},{\"@type\":\"WebSite\",\"@id\":\"https:\/\/alteriade-clients.alwaysdata.net\/appel\/#website\",\"url\":\"https:\/\/alteriade-clients.alwaysdata.net\/appel\/\",\"name\":\"Association humanitaire l'Appel et parrainages d'enfants\",\"description\":\"Solidarit\u00e9 avec les enfants du monde\",\"publisher\":{\"@id\":\"https:\/\/alteriade-clients.alwaysdata.net\/appel\/#organization\"},\"alternateName\":\"L'Appel\",\"potentialAction\":[{\"@type\":\"SearchAction\",\"target\":{\"@type\":\"EntryPoint\",\"urlTemplate\":\"https:\/\/alteriade-clients.alwaysdata.net\/appel\/?s={search_term_string}\"},\"query-input\":{\"@type\":\"PropertyValueSpecification\",\"valueRequired\":true,\"valueName\":\"search_term_string\"}}],\"inLanguage\":\"fr-FR\"},{\"@type\":\"Organization\",\"@id\":\"https:\/\/alteriade-clients.alwaysdata.net\/appel\/#organization\",\"name\":\"Association humanitaire L'Appel et parrainages d'enfants\",\"url\":\"https:\/\/alteriade-clients.alwaysdata.net\/appel\/\",\"logo\":{\"@type\":\"ImageObject\",\"inLanguage\":\"fr-FR\",\"@id\":\"https:\/\/alteriade-clients.alwaysdata.net\/appel\/#\/schema\/logo\/image\/\",\"url\":\"https:\/\/alteriade-clients.alwaysdata.net\/appel\/wp-content\/uploads\/2020\/09\/Logo-web.png\",\"contentUrl\":\"https:\/\/alteriade-clients.alwaysdata.net\/appel\/wp-content\/uploads\/2020\/09\/Logo-web.png\",\"width\":1834,\"height\":1333,\"caption\":\"Association humanitaire L'Appel et parrainages d'enfants\"},\"image\":{\"@id\":\"https:\/\/alteriade-clients.alwaysdata.net\/appel\/#\/schema\/logo\/image\/\"}},{\"@type\":\"Person\",\"@id\":\"https:\/\/alteriade-clients.alwaysdata.net\/appel\/#\/schema\/person\/efe370d09084382ae2d7b977ba212e78\",\"name\":\"lappel-admin\"}]}<\/script>\n<!-- \/ Yoast SEO plugin. -->","yoast_head_json":{"title":"Les 1000 jours - Association humanitaire L&#039;Appel et parrainages d&#039;enfants","robots":{"index":"noindex","follow":"follow","max-snippet":"max-snippet:-1","max-image-preview":"max-image-preview:large","max-video-preview":"max-video-preview:-1"},"og_locale":"fr_FR","og_type":"article","og_title":"Les 1000 jours - Association humanitaire L&#039;Appel et parrainages d&#039;enfants","og_description":"Imaginez un f\u0153tus, dans le ventre de sa m\u00e8re\u00a0: ce corps est sa maison. Il faut que ce refuge ait des fondations solides pour accompagner la croissance du b\u00e9b\u00e9 d\u00e8s les tout\u00a0premiers instants de la vie du b\u00e9b\u00e9. La m\u00e8re doit prendre soin d\u2019elle, de son alimentation pour pouvoir donner \u00e0 son b\u00e9b\u00e9 tout ce [&hellip;]","og_url":"https:\/\/alteriade-clients.alwaysdata.net\/appel\/les-1000-jours\/","og_site_name":"Association humanitaire L&#039;Appel et parrainages d&#039;enfants","article_published_time":"2025-07-31T15:03:07+00:00","article_modified_time":"2025-07-31T15:04:14+00:00","author":"lappel-admin","twitter_card":"summary_large_image","twitter_misc":{"\u00c9crit par":"lappel-admin"},"schema":{"@context":"https:\/\/schema.org","@graph":[{"@type":"Article","@id":"https:\/\/alteriade-clients.alwaysdata.net\/appel\/les-1000-jours\/#article","isPartOf":{"@id":"https:\/\/alteriade-clients.alwaysdata.net\/appel\/les-1000-jours\/"},"author":{"name":"lappel-admin","@id":"https:\/\/alteriade-clients.alwaysdata.net\/appel\/#\/schema\/person\/efe370d09084382ae2d7b977ba212e78"},"headline":"Les 1000 jours","datePublished":"2025-07-31T15:03:07+00:00","dateModified":"2025-07-31T15:04:14+00:00","mainEntityOfPage":{"@id":"https:\/\/alteriade-clients.alwaysdata.net\/appel\/les-1000-jours\/"},"wordCount":119,"commentCount":0,"publisher":{"@id":"https:\/\/alteriade-clients.alwaysdata.net\/appel\/#organization"},"articleSection":["Sant\u00e9"],"inLanguage":"fr-FR"},{"@type":["WebPage","ItemPage"],"@id":"https:\/\/alteriade-clients.alwaysdata.net\/appel\/les-1000-jours\/","url":"https:\/\/alteriade-clients.alwaysdata.net\/appel\/les-1000-jours\/","name":"Les 1000 jours - Association humanitaire L&#039;Appel et parrainages d&#039;enfants","isPartOf":{"@id":"https:\/\/alteriade-clients.alwaysdata.net\/appel\/#website"},"datePublished":"2025-07-31T15:03:07+00:00","dateModified":"2025-07-31T15:04:14+00:00","breadcrumb":{"@id":"https:\/\/alteriade-clients.alwaysdata.net\/appel\/les-1000-jours\/#breadcrumb"},"inLanguage":"fr-FR","potentialAction":[{"@type":"ReadAction","target":["https:\/\/alteriade-clients.alwaysdata.net\/appel\/les-1000-jours\/"]}]},{"@type":"BreadcrumbList","@id":"https:\/\/alteriade-clients.alwaysdata.net\/appel\/les-1000-jours\/#breadcrumb","itemListElement":[{"@type":"ListItem","position":1,"name":"Accueil","item":"https:\/\/alteriade-clients.alwaysdata.net\/appel\/"},{"@type":"ListItem","position":2,"name":"Les 1000 jours"}]},{"@type":"WebSite","@id":"https:\/\/alteriade-clients.alwaysdata.net\/appel\/#website","url":"https:\/\/alteriade-clients.alwaysdata.net\/appel\/","name":"Association humanitaire l'Appel et parrainages d'enfants","description":"Solidarit\u00e9 avec les enfants du monde","publisher":{"@id":"https:\/\/alteriade-clients.alwaysdata.net\/appel\/#organization"},"alternateName":"L'Appel","potentialAction":[{"@type":"SearchAction","target":{"@type":"EntryPoint","urlTemplate":"https:\/\/alteriade-clients.alwaysdata.net\/appel\/?s={search_term_string}"},"query-input":{"@type":"PropertyValueSpecification","valueRequired":true,"valueName":"search_term_string"}}],"inLanguage":"fr-FR"},{"@type":"Organization","@id":"https:\/\/alteriade-clients.alwaysdata.net\/appel\/#organization","name":"Association humanitaire L'Appel et parrainages d'enfants","url":"https:\/\/alteriade-clients.alwaysdata.net\/appel\/","logo":{"@type":"ImageObject","inLanguage":"fr-FR","@id":"https:\/\/alteriade-clients.alwaysdata.net\/appel\/#\/schema\/logo\/image\/","url":"https:\/\/alteriade-clients.alwaysdata.net\/appel\/wp-content\/uploads\/2020\/09\/Logo-web.png","contentUrl":"https:\/\/alteriade-clients.alwaysdata.net\/appel\/wp-content\/uploads\/2020\/09\/Logo-web.png","width":1834,"height":1333,"caption":"Association humanitaire L'Appel et parrainages d'enfants"},"image":{"@id":"https:\/\/alteriade-clients.alwaysdata.net\/appel\/#\/schema\/logo\/image\/"}},{"@type":"Person","@id":"https:\/\/alteriade-clients.alwaysdata.net\/appel\/#\/schema\/person\/efe370d09084382ae2d7b977ba212e78","name":"lappel-admin"}]}},"_links":{"self":[{"href":"https:\/\/alteriade-clients.alwaysdata.net\/appel\/wp-json\/wp\/v2\/posts\/26925","targetHints":{"allow":["GET"]}}],"collection":[{"href":"https:\/\/alteriade-clients.alwaysdata.net\/appel\/wp-json\/wp\/v2\/posts"}],"about":[{"href":"https:\/\/alteriade-clients.alwaysdata.net\/appel\/wp-json\/wp\/v2\/types\/post"}],"author":[{"embeddable":true,"href":"https:\/\/alteriade-clients.alwaysdata.net\/appel\/wp-json\/wp\/v2\/users\/2"}],"replies":[{"embeddable":true,"href":"https:\/\/alteriade-clients.alwaysdata.net\/appel\/wp-json\/wp\/v2\/comments?post=26925"}],"version-history":[{"count":4,"href":"https:\/\/alteriade-clients.alwaysdata.net\/appel\/wp-json\/wp\/v2\/posts\/26925\/revisions"}],"predecessor-version":[{"id":26929,"href":"https:\/\/alteriade-clients.alwaysdata.net\/appel\/wp-json\/wp\/v2\/posts\/26925\/revisions\/26929"}],"wp:attachment":[{"href":"https:\/\/alteriade-clients.alwaysdata.net\/appel\/wp-json\/wp\/v2\/media?parent=26925"}],"wp:term":[{"taxonomy":"category","embeddable":true,"href":"https:\/\/alteriade-clients.alwaysdata.net\/appel\/wp-json\/wp\/v2\/categories?post=26925"},{"taxonomy":"post_tag","embeddable":true,"href":"https:\/\/alteriade-clients.alwaysdata.net\/appel\/wp-json\/wp\/v2\/tags?post=26925"}],"curies":[{"name":"wp","href":"https:\/\/api.w.org\/{rel}","templated":true}]}}