{"id":1,"date":"2025-01-17T16:10:00","date_gmt":"2025-01-17T15:10:00","guid":{"rendered":"https:\/\/alteriade-clients.alwaysdata.net\/appel\/?p=1"},"modified":"2025-09-09T15:29:42","modified_gmt":"2025-09-09T13:29:42","slug":"eformation-cicatrisation","status":"publish","type":"post","link":"https:\/\/alteriade-clients.alwaysdata.net\/appel\/eformation-cicatrisation\/","title":{"rendered":"Cicatrisation : une ann\u00e9e 2025 plac\u00e9e sous le signe de l\u2019innovation"},"content":{"rendered":"\t\t<div data-elementor-type=\"wp-post\" data-elementor-id=\"1\" class=\"elementor elementor-1\" data-elementor-post-type=\"post\">\n\t\t\t\t<div class=\"has_eae_slider elementor-element elementor-element-c38e61a e-flex e-con-boxed e-con e-parent\" data-eae-slider=\"20788\" data-id=\"c38e61a\" data-element_type=\"container\">\n\t\t\t\t\t<div class=\"e-con-inner\">\n\t\t\t\t<div class=\"elementor-element elementor-element-1e5304e elementor-widget elementor-widget-image\" data-id=\"1e5304e\" data-element_type=\"widget\" data-widget_type=\"image.default\">\n\t\t\t\t<div class=\"elementor-widget-container\">\n\t\t\t\t\t\t\t\t\t\t\t\t\t\t\t<img fetchpriority=\"high\" decoding=\"async\" width=\"574\" height=\"332\" src=\"https:\/\/alteriade-clients.alwaysdata.net\/appel\/wp-content\/uploads\/2025\/07\/francoise-Mkki.png\" class=\"attachment-large size-large wp-image-28249\" alt=\"eplaie-eformation-universite-numerique-francophone-mondiale-cicatrisation-sante\" srcset=\"https:\/\/alteriade-clients.alwaysdata.net\/appel\/wp-content\/uploads\/2025\/07\/francoise-Mkki.png 574w, https:\/\/alteriade-clients.alwaysdata.net\/appel\/wp-content\/uploads\/2025\/07\/francoise-Mkki-300x174.png 300w\" sizes=\"(max-width: 34.9rem) calc(100vw - 2rem), (max-width: 53rem) calc(8 * (100vw \/ 12)), (min-width: 53rem) calc(6 * (100vw \/ 12)), 100vw\" \/>\t\t\t\t\t\t\t\t\t\t\t\t\t\t\t<\/div>\n\t\t\t\t<\/div>\n\t\t\t\t\t<\/div>\n\t\t\t\t<\/div>\n\t\t<div class=\"has_eae_slider elementor-element elementor-element-27ea5387 e-flex e-con-boxed e-con e-parent\" data-eae-slider=\"57762\" data-id=\"27ea5387\" data-element_type=\"container\">\n\t\t\t\t\t<div class=\"e-con-inner\">\n\t\t\t\t<div class=\"elementor-element elementor-element-10b14a75 elementor-widget elementor-widget-text-editor\" data-id=\"10b14a75\" data-element_type=\"widget\" data-widget_type=\"text-editor.default\">\n\t\t\t\t<div class=\"elementor-widget-container\">\n\t\t\t\t\t\t\t\t\t<p data-start=\"260\" data-end=\"607\">En janvier 2025, les premi\u00e8res Journ\u00e9es de la cicatrisation se tiennent \u00e0 Paris, les 19 et 21. L\u2019Appel y pr\u00e9sente son nouveau projet d\u2019e-formation en cicatrisation, un programme innovant qui s\u00e9duit imm\u00e9diatement plusieurs pays francophones d\u2019Afrique, dont le B\u00e9nin, la R\u00e9publique D\u00e9mocratique du Congo (RDC) et le Burkina Faso.<\/p>\n<p data-start=\"609\" data-end=\"956\">Cette formation en ligne, gratuite et accessible m\u00eame avec un faible d\u00e9bit, r\u00e9pond aux besoins concrets des professionnels de sant\u00e9 (m\u00e9decins, infirmiers, etc.) en mati\u00e8re de traitement des plaies et de gestion de la cicatrisation. Elle s\u2019inscrit dans une d\u00e9marche inclusive, en tenant compte des contraintes techniques des r\u00e9gions concern\u00e9es.<\/p>\n<p data-start=\"958\" data-end=\"1259\">Lors des journ\u00e9es parisiennes, Fran\u00e7oise Mekki pr\u00e9sente le dispositif en lien avec la prise en charge de la dr\u00e9panocytose. Les retours des participants africains confirment l\u2019int\u00e9r\u00eat et la pertinence de cette initiative, qu\u2019ils souhaitent rapidement mettre en \u0153uvre dans leurs structures de sant\u00e9.<\/p>\n<hr data-start=\"1261\" data-end=\"1264\" \/>\n<h3 data-start=\"1266\" data-end=\"1332\">Deux \u00e9v\u00e9nements majeurs en 2025 autour de la cicatrisation<\/h3>\n<ul>\n<li>Du 23 au 25 juillet 2025, les 2e Journ\u00e9es Cicatrisations ont lieu en RDC. Elles permettent de diffuser officiellement la formation aupr\u00e8s des acteurs de terrain et de cr\u00e9er une dynamique r\u00e9gionale autour de la cicatrisation.<\/li>\n<li>En octobre 2025, une mission d\u2019\u00e9valuation au B\u00e9nin permet d\u2019analyser les premiers impacts de la formation et d\u2019identifier les axes d\u2019am\u00e9lioration pour la suite du projet.<\/li>\n<\/ul>\n<hr data-start=\"1793\" data-end=\"1796\" \/>\n<h3 data-start=\"1798\" data-end=\"1853\">Une approche innovante de la formation m\u00e9dicale<\/h3>\n<p data-start=\"1855\" data-end=\"2177\">En int\u00e9grant le num\u00e9rique au c\u0153ur de sa strat\u00e9gie de formation, L\u2019Appel renforce son engagement aux c\u00f4t\u00e9s des soignants africains. Ce projet autour de la cicatrisation illustre parfaitement la volont\u00e9 de l\u2019association d\u2019associer expertise m\u00e9dicale, innovation p\u00e9dagogique et coop\u00e9ration<strong> internationale<\/strong>.<\/p>\t\t\t\t\t\t\t\t<\/div>\n\t\t\t\t<\/div>\n\t\t\t\t\t<\/div>\n\t\t\t\t<\/div>\n\t\t\t\t<\/div>\n\t\t","protected":false},"excerpt":{"rendered":"<p>En janvier 2025, les premi\u00e8res Journ\u00e9es de la cicatrisation se tiennent \u00e0 Paris, les 19 et 21. L\u2019Appel y pr\u00e9sente son nouveau projet d\u2019e-formation en cicatrisation, un programme innovant qui s\u00e9duit imm\u00e9diatement plusieurs pays francophones d\u2019Afrique, dont le B\u00e9nin, la R\u00e9publique D\u00e9mocratique du Congo (RDC) et le Burkina Faso. Cette formation en ligne, gratuite et [&hellip;]<\/p>\n","protected":false},"author":2,"featured_media":28249,"comment_status":"open","ping_status":"open","sticky":false,"template":"","format":"standard","meta":{"_acf_changed":false,"footnotes":""},"categories":[280],"tags":[],"class_list":["post-1","post","type-post","status-publish","format-standard","has-post-thumbnail","hentry","category-health","entry"],"acf":[],"yoast_head":"<!-- This site is optimized with the Yoast SEO plugin v26.1 - https:\/\/yoast.com\/wordpress\/plugins\/seo\/ -->\n<title>Cicatrisation : une ann\u00e9e 2025 plac\u00e9e sous le signe de l\u2019innovation Association humanitaire L&#039;Appel et parrainages d&#039;enfants<\/title>\n<meta name=\"description\" content=\"Les 19 et 21 janvier ont pris place la premi\u00e8re journ\u00e9e de la cicatrisation \u00e0 Paris. L\u2019occasion d\u2019y pr\u00e9senter le projet d\u2019e-formation qui...\" \/>\n<meta name=\"robots\" content=\"noindex, follow, max-snippet:-1, max-image-preview:large, max-video-preview:-1\" \/>\n<meta property=\"og:locale\" content=\"fr_FR\" \/>\n<meta property=\"og:type\" content=\"article\" \/>\n<meta property=\"og:title\" content=\"Cicatrisation : une ann\u00e9e 2025 plac\u00e9e sous le signe de l\u2019innovation Association humanitaire L&#039;Appel et parrainages d&#039;enfants\" \/>\n<meta property=\"og:description\" content=\"Les 19 et 21 janvier ont pris place la premi\u00e8re journ\u00e9e de la cicatrisation \u00e0 Paris. L\u2019occasion d\u2019y pr\u00e9senter le projet d\u2019e-formation qui...\" \/>\n<meta property=\"og:url\" content=\"https:\/\/alteriade-clients.alwaysdata.net\/appel\/eformation-cicatrisation\/\" \/>\n<meta property=\"og:site_name\" content=\"Association humanitaire L&#039;Appel et parrainages d&#039;enfants\" \/>\n<meta property=\"article:published_time\" content=\"2025-01-17T15:10:00+00:00\" \/>\n<meta property=\"article:modified_time\" content=\"2025-09-09T13:29:42+00:00\" \/>\n<meta property=\"og:image\" content=\"https:\/\/alteriade-clients.alwaysdata.net\/appel\/wp-content\/uploads\/2025\/07\/francoise-Mkki.png\" \/>\n\t<meta property=\"og:image:width\" content=\"574\" \/>\n\t<meta property=\"og:image:height\" content=\"332\" \/>\n\t<meta property=\"og:image:type\" content=\"image\/png\" \/>\n<meta name=\"author\" content=\"lappel-admin\" \/>\n<meta name=\"twitter:card\" content=\"summary_large_image\" \/>\n<meta name=\"twitter:label1\" content=\"\u00c9crit par\" \/>\n\t<meta name=\"twitter:data1\" content=\"lappel-admin\" \/>\n\t<meta name=\"twitter:label2\" content=\"Dur\u00e9e de lecture estim\u00e9e\" \/>\n\t<meta name=\"twitter:data2\" content=\"2 minutes\" \/>\n<script type=\"application\/ld+json\" class=\"yoast-schema-graph\">{\"@context\":\"https:\/\/schema.org\",\"@graph\":[{\"@type\":\"Article\",\"@id\":\"https:\/\/alteriade-clients.alwaysdata.net\/appel\/eformation-cicatrisation\/#article\",\"isPartOf\":{\"@id\":\"https:\/\/alteriade-clients.alwaysdata.net\/appel\/eformation-cicatrisation\/\"},\"author\":{\"name\":\"lappel-admin\",\"@id\":\"https:\/\/alteriade-clients.alwaysdata.net\/appel\/#\/schema\/person\/efe370d09084382ae2d7b977ba212e78\"},\"headline\":\"Cicatrisation : une ann\u00e9e 2025 plac\u00e9e sous le signe de l\u2019innovation\",\"datePublished\":\"2025-01-17T15:10:00+00:00\",\"dateModified\":\"2025-09-09T13:29:42+00:00\",\"mainEntityOfPage\":{\"@id\":\"https:\/\/alteriade-clients.alwaysdata.net\/appel\/eformation-cicatrisation\/\"},\"wordCount\":315,\"commentCount\":0,\"publisher\":{\"@id\":\"https:\/\/alteriade-clients.alwaysdata.net\/appel\/#organization\"},\"image\":{\"@id\":\"https:\/\/alteriade-clients.alwaysdata.net\/appel\/eformation-cicatrisation\/#primaryimage\"},\"thumbnailUrl\":\"https:\/\/alteriade-clients.alwaysdata.net\/appel\/wp-content\/uploads\/2025\/07\/francoise-Mkki.png\",\"articleSection\":[\"Sant\u00e9\"],\"inLanguage\":\"fr-FR\"},{\"@type\":[\"WebPage\",\"ItemPage\"],\"@id\":\"https:\/\/alteriade-clients.alwaysdata.net\/appel\/eformation-cicatrisation\/\",\"url\":\"https:\/\/alteriade-clients.alwaysdata.net\/appel\/eformation-cicatrisation\/\",\"name\":\"Cicatrisation : une ann\u00e9e 2025 plac\u00e9e sous le signe de l\u2019innovation Association humanitaire L&#039;Appel et parrainages d&#039;enfants\",\"isPartOf\":{\"@id\":\"https:\/\/alteriade-clients.alwaysdata.net\/appel\/#website\"},\"primaryImageOfPage\":{\"@id\":\"https:\/\/alteriade-clients.alwaysdata.net\/appel\/eformation-cicatrisation\/#primaryimage\"},\"image\":{\"@id\":\"https:\/\/alteriade-clients.alwaysdata.net\/appel\/eformation-cicatrisation\/#primaryimage\"},\"thumbnailUrl\":\"https:\/\/alteriade-clients.alwaysdata.net\/appel\/wp-content\/uploads\/2025\/07\/francoise-Mkki.png\",\"datePublished\":\"2025-01-17T15:10:00+00:00\",\"dateModified\":\"2025-09-09T13:29:42+00:00\",\"description\":\"Les 19 et 21 janvier ont pris place la premi\u00e8re journ\u00e9e de la cicatrisation \u00e0 Paris. L\u2019occasion d\u2019y pr\u00e9senter le projet d\u2019e-formation qui...\",\"breadcrumb\":{\"@id\":\"https:\/\/alteriade-clients.alwaysdata.net\/appel\/eformation-cicatrisation\/#breadcrumb\"},\"inLanguage\":\"fr-FR\",\"potentialAction\":[{\"@type\":\"ReadAction\",\"target\":[\"https:\/\/alteriade-clients.alwaysdata.net\/appel\/eformation-cicatrisation\/\"]}]},{\"@type\":\"ImageObject\",\"inLanguage\":\"fr-FR\",\"@id\":\"https:\/\/alteriade-clients.alwaysdata.net\/appel\/eformation-cicatrisation\/#primaryimage\",\"url\":\"https:\/\/alteriade-clients.alwaysdata.net\/appel\/wp-content\/uploads\/2025\/07\/francoise-Mkki.png\",\"contentUrl\":\"https:\/\/alteriade-clients.alwaysdata.net\/appel\/wp-content\/uploads\/2025\/07\/francoise-Mkki.png\",\"width\":574,\"height\":332,\"caption\":\"eplaie-eformation-universite-numerique-francophone-mondiale-cicatrisation-sante\"},{\"@type\":\"BreadcrumbList\",\"@id\":\"https:\/\/alteriade-clients.alwaysdata.net\/appel\/eformation-cicatrisation\/#breadcrumb\",\"itemListElement\":[{\"@type\":\"ListItem\",\"position\":1,\"name\":\"Accueil\",\"item\":\"https:\/\/alteriade-clients.alwaysdata.net\/appel\/\"},{\"@type\":\"ListItem\",\"position\":2,\"name\":\"Cicatrisation : une ann\u00e9e 2025 plac\u00e9e sous le signe de l\u2019innovation\"}]},{\"@type\":\"WebSite\",\"@id\":\"https:\/\/alteriade-clients.alwaysdata.net\/appel\/#website\",\"url\":\"https:\/\/alteriade-clients.alwaysdata.net\/appel\/\",\"name\":\"Association humanitaire l'Appel et parrainages d'enfants\",\"description\":\"Solidarit\u00e9 avec les enfants du monde\",\"publisher\":{\"@id\":\"https:\/\/alteriade-clients.alwaysdata.net\/appel\/#organization\"},\"alternateName\":\"L'Appel\",\"potentialAction\":[{\"@type\":\"SearchAction\",\"target\":{\"@type\":\"EntryPoint\",\"urlTemplate\":\"https:\/\/alteriade-clients.alwaysdata.net\/appel\/?s={search_term_string}\"},\"query-input\":{\"@type\":\"PropertyValueSpecification\",\"valueRequired\":true,\"valueName\":\"search_term_string\"}}],\"inLanguage\":\"fr-FR\"},{\"@type\":\"Organization\",\"@id\":\"https:\/\/alteriade-clients.alwaysdata.net\/appel\/#organization\",\"name\":\"Association humanitaire L'Appel et parrainages d'enfants\",\"url\":\"https:\/\/alteriade-clients.alwaysdata.net\/appel\/\",\"logo\":{\"@type\":\"ImageObject\",\"inLanguage\":\"fr-FR\",\"@id\":\"https:\/\/alteriade-clients.alwaysdata.net\/appel\/#\/schema\/logo\/image\/\",\"url\":\"https:\/\/alteriade-clients.alwaysdata.net\/appel\/wp-content\/uploads\/2020\/09\/Logo-web.png\",\"contentUrl\":\"https:\/\/alteriade-clients.alwaysdata.net\/appel\/wp-content\/uploads\/2020\/09\/Logo-web.png\",\"width\":1834,\"height\":1333,\"caption\":\"Association humanitaire L'Appel et parrainages d'enfants\"},\"image\":{\"@id\":\"https:\/\/alteriade-clients.alwaysdata.net\/appel\/#\/schema\/logo\/image\/\"}},{\"@type\":\"Person\",\"@id\":\"https:\/\/alteriade-clients.alwaysdata.net\/appel\/#\/schema\/person\/efe370d09084382ae2d7b977ba212e78\",\"name\":\"lappel-admin\"}]}<\/script>\n<!-- \/ Yoast SEO plugin. -->","yoast_head_json":{"title":"Cicatrisation : une ann\u00e9e 2025 plac\u00e9e sous le signe de l\u2019innovation Association humanitaire L&#039;Appel et parrainages d&#039;enfants","description":"Les 19 et 21 janvier ont pris place la premi\u00e8re journ\u00e9e de la cicatrisation \u00e0 Paris. L\u2019occasion d\u2019y pr\u00e9senter le projet d\u2019e-formation qui...","robots":{"index":"noindex","follow":"follow","max-snippet":"max-snippet:-1","max-image-preview":"max-image-preview:large","max-video-preview":"max-video-preview:-1"},"og_locale":"fr_FR","og_type":"article","og_title":"Cicatrisation : une ann\u00e9e 2025 plac\u00e9e sous le signe de l\u2019innovation Association humanitaire L&#039;Appel et parrainages d&#039;enfants","og_description":"Les 19 et 21 janvier ont pris place la premi\u00e8re journ\u00e9e de la cicatrisation \u00e0 Paris. L\u2019occasion d\u2019y pr\u00e9senter le projet d\u2019e-formation qui...","og_url":"https:\/\/alteriade-clients.alwaysdata.net\/appel\/eformation-cicatrisation\/","og_site_name":"Association humanitaire L&#039;Appel et parrainages d&#039;enfants","article_published_time":"2025-01-17T15:10:00+00:00","article_modified_time":"2025-09-09T13:29:42+00:00","og_image":[{"width":574,"height":332,"url":"https:\/\/alteriade-clients.alwaysdata.net\/appel\/wp-content\/uploads\/2025\/07\/francoise-Mkki.png","type":"image\/png"}],"author":"lappel-admin","twitter_card":"summary_large_image","twitter_misc":{"\u00c9crit par":"lappel-admin","Dur\u00e9e de lecture estim\u00e9e":"2 minutes"},"schema":{"@context":"https:\/\/schema.org","@graph":[{"@type":"Article","@id":"https:\/\/alteriade-clients.alwaysdata.net\/appel\/eformation-cicatrisation\/#article","isPartOf":{"@id":"https:\/\/alteriade-clients.alwaysdata.net\/appel\/eformation-cicatrisation\/"},"author":{"name":"lappel-admin","@id":"https:\/\/alteriade-clients.alwaysdata.net\/appel\/#\/schema\/person\/efe370d09084382ae2d7b977ba212e78"},"headline":"Cicatrisation : une ann\u00e9e 2025 plac\u00e9e sous le signe de l\u2019innovation","datePublished":"2025-01-17T15:10:00+00:00","dateModified":"2025-09-09T13:29:42+00:00","mainEntityOfPage":{"@id":"https:\/\/alteriade-clients.alwaysdata.net\/appel\/eformation-cicatrisation\/"},"wordCount":315,"commentCount":0,"publisher":{"@id":"https:\/\/alteriade-clients.alwaysdata.net\/appel\/#organization"},"image":{"@id":"https:\/\/alteriade-clients.alwaysdata.net\/appel\/eformation-cicatrisation\/#primaryimage"},"thumbnailUrl":"https:\/\/alteriade-clients.alwaysdata.net\/appel\/wp-content\/uploads\/2025\/07\/francoise-Mkki.png","articleSection":["Sant\u00e9"],"inLanguage":"fr-FR"},{"@type":["WebPage","ItemPage"],"@id":"https:\/\/alteriade-clients.alwaysdata.net\/appel\/eformation-cicatrisation\/","url":"https:\/\/alteriade-clients.alwaysdata.net\/appel\/eformation-cicatrisation\/","name":"Cicatrisation : une ann\u00e9e 2025 plac\u00e9e sous le signe de l\u2019innovation Association humanitaire L&#039;Appel et parrainages d&#039;enfants","isPartOf":{"@id":"https:\/\/alteriade-clients.alwaysdata.net\/appel\/#website"},"primaryImageOfPage":{"@id":"https:\/\/alteriade-clients.alwaysdata.net\/appel\/eformation-cicatrisation\/#primaryimage"},"image":{"@id":"https:\/\/alteriade-clients.alwaysdata.net\/appel\/eformation-cicatrisation\/#primaryimage"},"thumbnailUrl":"https:\/\/alteriade-clients.alwaysdata.net\/appel\/wp-content\/uploads\/2025\/07\/francoise-Mkki.png","datePublished":"2025-01-17T15:10:00+00:00","dateModified":"2025-09-09T13:29:42+00:00","description":"Les 19 et 21 janvier ont pris place la premi\u00e8re journ\u00e9e de la cicatrisation \u00e0 Paris. L\u2019occasion d\u2019y pr\u00e9senter le projet d\u2019e-formation qui...","breadcrumb":{"@id":"https:\/\/alteriade-clients.alwaysdata.net\/appel\/eformation-cicatrisation\/#breadcrumb"},"inLanguage":"fr-FR","potentialAction":[{"@type":"ReadAction","target":["https:\/\/alteriade-clients.alwaysdata.net\/appel\/eformation-cicatrisation\/"]}]},{"@type":"ImageObject","inLanguage":"fr-FR","@id":"https:\/\/alteriade-clients.alwaysdata.net\/appel\/eformation-cicatrisation\/#primaryimage","url":"https:\/\/alteriade-clients.alwaysdata.net\/appel\/wp-content\/uploads\/2025\/07\/francoise-Mkki.png","contentUrl":"https:\/\/alteriade-clients.alwaysdata.net\/appel\/wp-content\/uploads\/2025\/07\/francoise-Mkki.png","width":574,"height":332,"caption":"eplaie-eformation-universite-numerique-francophone-mondiale-cicatrisation-sante"},{"@type":"BreadcrumbList","@id":"https:\/\/alteriade-clients.alwaysdata.net\/appel\/eformation-cicatrisation\/#breadcrumb","itemListElement":[{"@type":"ListItem","position":1,"name":"Accueil","item":"https:\/\/alteriade-clients.alwaysdata.net\/appel\/"},{"@type":"ListItem","position":2,"name":"Cicatrisation : une ann\u00e9e 2025 plac\u00e9e sous le signe de l\u2019innovation"}]},{"@type":"WebSite","@id":"https:\/\/alteriade-clients.alwaysdata.net\/appel\/#website","url":"https:\/\/alteriade-clients.alwaysdata.net\/appel\/","name":"Association humanitaire l'Appel et parrainages d'enfants","description":"Solidarit\u00e9 avec les enfants du monde","publisher":{"@id":"https:\/\/alteriade-clients.alwaysdata.net\/appel\/#organization"},"alternateName":"L'Appel","potentialAction":[{"@type":"SearchAction","target":{"@type":"EntryPoint","urlTemplate":"https:\/\/alteriade-clients.alwaysdata.net\/appel\/?s={search_term_string}"},"query-input":{"@type":"PropertyValueSpecification","valueRequired":true,"valueName":"search_term_string"}}],"inLanguage":"fr-FR"},{"@type":"Organization","@id":"https:\/\/alteriade-clients.alwaysdata.net\/appel\/#organization","name":"Association humanitaire L'Appel et parrainages d'enfants","url":"https:\/\/alteriade-clients.alwaysdata.net\/appel\/","logo":{"@type":"ImageObject","inLanguage":"fr-FR","@id":"https:\/\/alteriade-clients.alwaysdata.net\/appel\/#\/schema\/logo\/image\/","url":"https:\/\/alteriade-clients.alwaysdata.net\/appel\/wp-content\/uploads\/2020\/09\/Logo-web.png","contentUrl":"https:\/\/alteriade-clients.alwaysdata.net\/appel\/wp-content\/uploads\/2020\/09\/Logo-web.png","width":1834,"height":1333,"caption":"Association humanitaire L'Appel et parrainages d'enfants"},"image":{"@id":"https:\/\/alteriade-clients.alwaysdata.net\/appel\/#\/schema\/logo\/image\/"}},{"@type":"Person","@id":"https:\/\/alteriade-clients.alwaysdata.net\/appel\/#\/schema\/person\/efe370d09084382ae2d7b977ba212e78","name":"lappel-admin"}]}},"_links":{"self":[{"href":"https:\/\/alteriade-clients.alwaysdata.net\/appel\/wp-json\/wp\/v2\/posts\/1","targetHints":{"allow":["GET"]}}],"collection":[{"href":"https:\/\/alteriade-clients.alwaysdata.net\/appel\/wp-json\/wp\/v2\/posts"}],"about":[{"href":"https:\/\/alteriade-clients.alwaysdata.net\/appel\/wp-json\/wp\/v2\/types\/post"}],"author":[{"embeddable":true,"href":"https:\/\/alteriade-clients.alwaysdata.net\/appel\/wp-json\/wp\/v2\/users\/2"}],"replies":[{"embeddable":true,"href":"https:\/\/alteriade-clients.alwaysdata.net\/appel\/wp-json\/wp\/v2\/comments?post=1"}],"version-history":[{"count":12,"href":"https:\/\/alteriade-clients.alwaysdata.net\/appel\/wp-json\/wp\/v2\/posts\/1\/revisions"}],"predecessor-version":[{"id":30124,"href":"https:\/\/alteriade-clients.alwaysdata.net\/appel\/wp-json\/wp\/v2\/posts\/1\/revisions\/30124"}],"wp:featuredmedia":[{"embeddable":true,"href":"https:\/\/alteriade-clients.alwaysdata.net\/appel\/wp-json\/wp\/v2\/media\/28249"}],"wp:attachment":[{"href":"https:\/\/alteriade-clients.alwaysdata.net\/appel\/wp-json\/wp\/v2\/media?parent=1"}],"wp:term":[{"taxonomy":"category","embeddable":true,"href":"https:\/\/alteriade-clients.alwaysdata.net\/appel\/wp-json\/wp\/v2\/categories?post=1"},{"taxonomy":"post_tag","embeddable":true,"href":"https:\/\/alteriade-clients.alwaysdata.net\/appel\/wp-json\/wp\/v2\/tags?post=1"}],"curies":[{"name":"wp","href":"https:\/\/api.w.org\/{rel}","templated":true}]}}